{"id":6060,"date":"2023-03-28T17:41:36","date_gmt":"2023-03-28T16:41:36","guid":{"rendered":"https:\/\/www.europanova.be\/interviu-cu-artista-sabine-art-emotion\/"},"modified":"2024-05-19T16:42:24","modified_gmt":"2024-05-19T15:42:24","slug":"interviu-cu-artista-sabine-art-emotion","status":"publish","type":"post","link":"https:\/\/www.europanova.be\/ro\/interviu-cu-artista-sabine-art-emotion\/","title":{"rendered":"Interviu cu artista Sabine Art Emotion"},"content":{"rendered":"<p><div class=\"et_d4_element et_pb_section et_pb_section_0 et_pb_with_background  et_pb_css_mix_blend_mode et_section_regular et_block_section\" >\n\t\t\t\t\n\t\t\t\t\n\t\t\t\t\n\t\t\t\t\n\t\t\t\t\n\t\t\t\t\n\t\t\t\t<div class=\"et_d4_element et_pb_row et_pb_row_0  et_pb_css_mix_blend_mode et_block_row\">\n\t\t\t\t<div class=\"et_d4_element et_pb_column_4_4 et_pb_column et_pb_column_0  et_pb_css_mix_blend_mode et-last-child et_block_column\">\n\t\t\t\t\n\t\t\t\t\n\t\t\t\t\n\t\t\t\t\n\t\t\t\t<div class=\"et_pb_module et_d4_element et_pb_text et_pb_text_0  et_pb_text_align_left et_pb_bg_layout_light\">\n\t\t\t\t\n\t\t\t\t\n\t\t\t\t\n\t\t\t\t\n\t\t\t\t<div class=\"et_pb_text_inner\"><div id=\"content-area\" class=\"clearfix\">\n<div id=\"left-area\">\n<article id=\"post-2909\" class=\"et_pb_post post-2909 post type-post status-publish format-standard has-post-thumbnail hentry category-artistes-peintres\">\n<div class=\"et_post_meta_wrapper\">\n<h1 class=\"entry-title\" style=\"text-align: left;\">Interviu cu artista Sabine Art Emotion<\/h1>\n<\/div>\n<\/article>\n<\/div>\n<\/div>\n<p>&nbsp;<\/p>\n<p>&nbsp;<\/p>\n<p>&nbsp;<\/p>\n<p>&nbsp;<\/p>\n<div id=\"ConnectiveDocSignExtentionInstalled\" data-extension-version=\"1.0.4\"><\/div><\/div>\n\t\t\t<\/div>\n\t\t\t<\/div>\n\t\t\t\t\n\t\t\t\t\n\t\t\t\t\n\t\t\t\t\n\t\t\t<\/div>\n\t\t\t\t\n\t\t\t\t\n\t\t\t<\/div><div class=\"et_d4_element et_pb_section et_pb_section_1  et_pb_css_mix_blend_mode et_section_regular et_block_section\" >\n\t\t\t\t\n\t\t\t\t\n\t\t\t\t\n\t\t\t\t\n\t\t\t\t\n\t\t\t\t\n\t\t\t\t<div class=\"et_d4_element et_pb_row et_pb_row_1  et_pb_css_mix_blend_mode et_block_row\">\n\t\t\t\t<div class=\"et_d4_element et_pb_column_1_2 et_pb_column et_pb_column_1  et_pb_css_mix_blend_mode et_block_column\">\n\t\t\t\t\n\t\t\t\t\n\t\t\t\t\n\t\t\t\t\n\t\t\t\t<div class=\"et_pb_module et_d4_element et_pb_image et_pb_image_0\">\n\t\t\t\t\n\t\t\t\t\n\t\t\t\t\n\t\t\t\t\n\t\t\t\t<span class=\"et_pb_image_wrap \"><img loading=\"lazy\" decoding=\"async\" width=\"1306\" height=\"1862\" src=\"https:\/\/www.europanova.be\/wp-content\/uploads\/2021\/10\/sabine2-1.jpg\" alt=\"\" title=\"sabine2-1\" srcset=\"https:\/\/www.europanova.be\/wp-content\/uploads\/2021\/10\/sabine2-1.jpg 1306w, https:\/\/www.europanova.be\/wp-content\/uploads\/2021\/10\/sabine2-1-210x300.jpg 210w, https:\/\/www.europanova.be\/wp-content\/uploads\/2021\/10\/sabine2-1-718x1024.jpg 718w, https:\/\/www.europanova.be\/wp-content\/uploads\/2021\/10\/sabine2-1-768x1095.jpg 768w, https:\/\/www.europanova.be\/wp-content\/uploads\/2021\/10\/sabine2-1-1077x1536.jpg 1077w\" sizes=\"(max-width: 1306px) 100vw, 1306px\" class=\"wp-image-2786\" \/><\/span>\n\t\t\t<\/div>\n\t\t\t<\/div><div class=\"et_d4_element et_pb_column_1_2 et_pb_column et_pb_column_2  et_pb_css_mix_blend_mode et-last-child et_block_column\">\n\t\t\t\t\n\t\t\t\t\n\t\t\t\t\n\t\t\t\t\n\t\t\t\t<div class=\"et_pb_module et_d4_element et_pb_text et_pb_text_1  et_pb_text_align_left et_pb_bg_layout_light\">\n\t\t\t\t\n\t\t\t\t\n\t\t\t\t\n\t\t\t\t\n\t\t\t\t<div class=\"et_pb_text_inner\"><h2 style=\"text-align: center;\">Vernisajul Expozi\u021biei<br \/>\u201cLa nature dans tous mes \u00e9tats\u201d<\/h2><\/div>\n\t\t\t<\/div><div class=\"et_pb_module et_d4_element et_pb_text et_pb_text_2  et_pb_text_align_left et_pb_bg_layout_light\">\n\t\t\t\t\n\t\t\t\t\n\t\t\t\t\n\t\t\t\t\n\t\t\t\t<div class=\"et_pb_text_inner\"><p style=\"text-align: center;\">pe 25 septembrie la 18:30,<br \/>la Clos du Parnasse 11E,<\/p>\n<p style=\"text-align: center;\">1050 Ixelles<\/p><\/div>\n\t\t\t<\/div>\n\t\t\t<\/div>\n\t\t\t\t\n\t\t\t\t\n\t\t\t\t\n\t\t\t\t\n\t\t\t<\/div>\n\t\t\t\t\n\t\t\t\t\n\t\t\t<\/div><div class=\"et_d4_element et_pb_section et_pb_section_2  et_pb_css_mix_blend_mode et_section_regular et_block_section\" >\n\t\t\t\t\n\t\t\t\t\n\t\t\t\t\n\t\t\t\t\n\t\t\t\t\n\t\t\t\t\n\t\t\t\t<div class=\"et_d4_element et_pb_row et_pb_row_2  et_pb_css_mix_blend_mode et_block_row\">\n\t\t\t\t<div class=\"et_d4_element et_pb_column_3_5 et_pb_column et_pb_column_3  et_pb_css_mix_blend_mode et_block_column\">\n\t\t\t\t\n\t\t\t\t\n\t\t\t\t\n\t\t\t\t\n\t\t\t\t<div class=\"et_pb_module et_d4_element et_pb_text et_pb_text_3  et_pb_text_align_left et_pb_bg_layout_light\">\n\t\t\t\t\n\t\t\t\t\n\t\t\t\t\n\t\t\t\t\n\t\t\t\t<div class=\"et_pb_text_inner\"><h2 style=\"text-align: justify;\"><em>1. Cine este Sabine Art \u00c9motion ?<br \/><\/em><\/h2>\n<p><em><\/em><\/p>\n<p><em><\/em><\/p><\/div>\n\t\t\t<\/div><div class=\"et_pb_module et_d4_element et_pb_text et_pb_text_4  et_pb_text_align_left et_pb_bg_layout_light\">\n\t\t\t\t\n\t\t\t\t\n\t\t\t\t\n\t\t\t\t\n\t\t\t\t<div class=\"et_pb_text_inner\"><p style=\"text-align: justify;\">Sabine Art Emotion este numele meu de artist. S-a n\u0103scut din c\u0103utarea unui nume care s\u0103 corespund\u0103 cu ceea ce fac eu \u00een picturile mele:<\/p>\n<p style=\"text-align: justify;\">Sabine, prenumele meu,<br \/>Art, e ceea ce fac,<br \/>Emotion e cel mai important.<\/p>\n<p style=\"text-align: justify;\">Emo\u021bia pe care mi-o d\u0103 tabloul pe care \u00eel pictez m\u0103 ghideaz\u0103, \u0219i \u00eemi ghideaz\u0103 pensulele \u0219i alegerea culorilor.<br \/>Iar emo\u021bia pe care o va trezi \u00een voi vederea acestui tablou este foarte important\u0103 pentru mine.<\/p><\/div>\n\t\t\t<\/div><div class=\"et_pb_module et_d4_element et_pb_text et_pb_text_5  et_pb_text_align_left et_pb_bg_layout_light\">\n\t\t\t\t\n\t\t\t\t\n\t\t\t\t\n\t\t\t\t\n\t\t\t\t<div class=\"et_pb_text_inner\"><h2 style=\"text-align: justify;\"><em>2. De c\u00e2t timp picta\u021bi \u0219i care este trecutul dumneavoastr\u0103 artistic?<\/em><\/h2>\n<p><em><\/em><\/p>\n<p><em><\/em><\/p><\/div>\n\t\t\t<\/div><div class=\"et_pb_module et_d4_element et_pb_text et_pb_text_6  et_pb_text_align_left et_pb_bg_layout_light\">\n\t\t\t\t\n\t\t\t\t\n\t\t\t\t\n\t\t\t\t\n\t\t\t\t<div class=\"et_pb_text_inner\"><p style=\"text-align: justify;\">Mereu am desenat. \u00cen adolescen\u021b\u0103, \u00een timpul studiilor, mi-am petrecut toate pauzele de studiu desen\u00e2nd \u0219i pict\u00e2nd. M-a relaxat, m-a odihnit. Uneori pauzele se lungeau... dar oricum am reu\u0219it foarte bine studiile.<br \/>De-a lungul anilor \u0219i \u00een cariera mea profesional\u0103, am f\u0103cut multe training-uri \u00een diferite tehnici artistice. Am participat la grupuri de pictur\u0103, ceea ce mi-a permis s\u0103 fac schimb cu al\u021bi arti\u0219ti \u0219i uneori s\u0103 am o alt\u0103 privire.<\/p>\n<p style=\"text-align: justify;\">\u00cen 2014, am avut un accident major de s\u0103n\u0103tate \u00een urma c\u0103ruia mai am sechele. Pictura mea a fost un colac de salvare care m-a ajutat s\u0103 tr\u0103iesc din nou. Ast\u0103zi, consider pictura \u0219i desenul ca profesie; iar aceast\u0103 activitate m\u0103 ghideaz\u0103 \u00een proiecte interesante.<\/p><\/div>\n\t\t\t<\/div><div class=\"et_pb_module et_d4_element et_pb_text et_pb_text_7  et_pb_text_align_left et_pb_bg_layout_light\">\n\t\t\t\t\n\t\t\t\t\n\t\t\t\t\n\t\t\t\t\n\t\t\t\t<div class=\"et_pb_text_inner\"><h2 style=\"text-align: justify;\">3. <em>Pute\u021bi s\u0103-mi spune\u021bi ce va condus spre pictur\u0103?<\/em><\/h2>\n<p><em><\/em><\/p>\n<p><em><\/em><\/p><\/div>\n\t\t\t<\/div><div class=\"et_pb_module et_d4_element et_pb_text et_pb_text_8  et_pb_text_align_left et_pb_bg_layout_light\">\n\t\t\t\t\n\t\t\t\t\n\t\t\t\t\n\t\t\t\t\n\t\t\t\t<div class=\"et_pb_text_inner\"><p style=\"text-align: justify;\">Cred c\u0103, dintotdeauna, \u00een capul meu se desenau imagini. Acest lucru s-a \u00eent\u00e2mplat \u00een mod natural \u0219i reproduceam aceste imagini pe caietele mele de la \u0219coal\u0103, foile mele de noti\u021be...<\/p>\n<p style=\"text-align: justify;\">Profesorii de desen plini de inspira\u021bie au f\u0103cut restul, pentru a m\u0103 face s\u0103 dob\u00e2ndesc o anumit\u0103 tehnic\u0103 care s\u0103-mi permit\u0103 s\u0103 reproduc din ce \u00een ce mai bine imaginile capului meu pe un suport.<\/p><\/div>\n\t\t\t<\/div><div class=\"et_pb_module et_d4_element et_pb_text et_pb_text_9  et_pb_text_align_left et_pb_bg_layout_light\">\n\t\t\t\t\n\t\t\t\t\n\t\t\t\t\n\t\t\t\t\n\t\t\t\t<div class=\"et_pb_text_inner\"><h2 style=\"text-align: justify;\">4.  <em>C\u00e2te tablouri a\u021bi abandonat sau l\u0103sat neterminate? \u0218i, c\u00e2t timp petrece\u021bi \u00een fa\u021ba unei p\u00e2nze?<\/em><\/h2>\n<p><em><\/em><\/p>\n<p><em><\/em><\/p><\/div>\n\t\t\t<\/div><div class=\"et_pb_module et_d4_element et_pb_text et_pb_text_10  et_pb_text_align_left et_pb_bg_layout_light\">\n\t\t\t\t\n\t\t\t\t\n\t\t\t\t\n\t\t\t\t\n\t\t\t\t<div class=\"et_pb_text_inner\"><p style=\"text-align: justify;\">S\u0103 abandonez o p\u00e2nz\u0103? E foarte rar. Dac\u0103 chiar nu-mi place, \u00eel transform astfel \u00eenc\u00e2t s\u0103-mi dea emo\u021bia pe care o caut.<br \/>C\u00e2nd pictez, timpul se opre\u0219te \u0219i doar via\u021ba real\u0103 \u00eemi aminte\u0219te c\u0103 trebuie s\u0103 m\u0103 opresc (ex. copiii \u00eentreab\u0103 c\u00e2nd m\u00e2nc\u0103m). \u00cen orice caz, fiecare tablou mi-a cerut zile de munc\u0103.<\/p><\/div>\n\t\t\t<\/div><div class=\"et_pb_module et_d4_element et_pb_text et_pb_text_11  et_pb_text_align_left et_pb_bg_layout_light\">\n\t\t\t\t\n\t\t\t\t\n\t\t\t\t\n\t\t\t\t\n\t\t\t\t<div class=\"et_pb_text_inner\"><h2 style=\"text-align: justify;\">5. <em>Care sunt subiectele sau temele dvs preferate \u0219i cum au evoluat picturile dvs de-a lungul anilor?<\/em><\/h2>\n<p><em><\/em><\/p>\n<p><em><\/em><\/p><\/div>\n\t\t\t<\/div><div class=\"et_pb_module et_d4_element et_pb_text et_pb_text_12  et_pb_text_align_left et_pb_bg_layout_light\">\n\t\t\t\t\n\t\t\t\t\n\t\t\t\t\n\t\t\t\t\n\t\t\t\t<div class=\"et_pb_text_inner\"><p style=\"text-align: justify;\">Marea este subiectul meu preferat. C\u00e2nd eram t\u00e2n\u0103r\u0103, navigam pe cor\u0103bii mari \u0219i puteam admira c\u00e2t de diferit\u0103 este marea, la orice or\u0103 din zi sau din noapte.<br \/>\u0218i natura m\u0103 inspir\u0103 foarte mult, este \u0219i frumoas\u0103, variat\u0103 \u0219i vr\u0103jitoare. \u0218i este at\u00e2t de \u00een pericol ast\u0103zi, \u00eenc\u00e2t este esen\u021bial s-o ar\u0103\u021bi pentru a deveni con\u0219tient de asta.<br \/>Personajele sunt rare \u00een tablourile mele. \u0218i dac\u0103 sunt prezente, sunt mai mult ca accesorii. Niciodat\u0103 nu sunt subiectul principal \u00een tablou. Nu suntem noi invita\u021bi pe acest P\u0103m\u00e2nt pe care \u00eel maltrat\u0103m at\u00e2t de mult?<br \/>De-a lungul anilor, tehnica mea a fost rafinat\u0103 \u0219i asociat\u0103 cu imagina\u021bia mea, care este dezl\u0103n\u021buit\u0103 \u0219i \u00eemi ghideaz\u0103 degetele, pensulele \u0219i culorile mele. Acest lucru \u00eemi permite, v\u0103z\u00e2nd un peisaj, o imagine, o floare, s\u0103 v\u0103d cum le voi pune pe p\u00e2nza mea.<\/p><\/div>\n\t\t\t<\/div><div class=\"et_pb_module et_d4_element et_pb_text et_pb_text_13  et_pb_text_align_left et_pb_bg_layout_light\">\n\t\t\t\t\n\t\t\t\t\n\t\t\t\t\n\t\t\t\t\n\t\t\t\t<div class=\"et_pb_text_inner\"><h2 style=\"text-align: justify;\">6.  <em>Ave\u021bi un pictor preferat? V\u0103 influen\u021beaz\u0103 sau nu? \u0218i \u00een ce m\u0103sur\u0103?<\/em><\/h2>\n<p><em><\/em><\/p>\n<p><em><\/em><\/p><\/div>\n\t\t\t<\/div><div class=\"et_pb_module et_d4_element et_pb_text et_pb_text_14  et_pb_text_align_left et_pb_bg_layout_light\">\n\t\t\t\t\n\t\t\t\t\n\t\t\t\t\n\t\t\t\t\n\t\t\t\t<div class=\"et_pb_text_inner\"><p style=\"text-align: justify;\">\u00cemi place mult Van Gogh, Magritte \u0219i Folon. Dar, \u00een general, sunt curioas\u0103 de ceea ce fac al\u021bi arti\u0219ti. \u00cemi place s\u0103 privesc \u00eendeaproape un tablou, pentru a surprinde emo\u021bia \u0219i tehnica pictorului. Dac\u0103 exist\u0103 influen\u021b\u0103, o surprind \u00een emo\u021bie.<\/p><\/div>\n\t\t\t<\/div><div class=\"et_pb_module et_d4_element et_pb_text et_pb_text_15  et_pb_text_align_left et_pb_bg_layout_light\">\n\t\t\t\t\n\t\t\t\t\n\t\t\t\t\n\t\t\t\t\n\t\t\t\t<div class=\"et_pb_text_inner\"><h2 style=\"text-align: justify;\">7.  <em>Care este crea\u021bia dvs preferat\u0103 \u0219i de ce? Ave\u021bi \u0219i alte pasiuni \u00een afar\u0103 de pictur\u0103?<\/em><\/h2>\n<p><em><\/em><\/p>\n<p><em><\/em><\/p><\/div>\n\t\t\t<\/div><div class=\"et_pb_module et_d4_element et_pb_text et_pb_text_16  et_pb_text_align_left et_pb_bg_layout_light\">\n\t\t\t\t\n\t\t\t\t\n\t\t\t\t\n\t\t\t\t\n\t\t\t\t<div class=\"et_pb_text_inner\"><p style=\"text-align: justify;\">Este greu s\u0103 ai o singur\u0103 lucrare preferat\u0103. \u201eMigdalul \u00een floare\u201d de Van Gogh, \u201eP\u0103s\u0103ri\u201d, o acuarel\u0103 mic\u0103 de Folon, \u201eDomaine d\u2019Arnheim\u201d de Magritte. Dar a\u0219 putea cita multe alte lucr\u0103ri cunoscute sau mai pu\u021bin cunoscute. Punctul comun al acestor lucr\u0103ri e c\u0103 ele m\u0103 fac s\u0103 vibrez!<br \/>\u0218i, da, am \u0219i alte preocup\u0103ri: familia mea este o parte important\u0103 a vie\u021bii mele. So\u021bul meu, copiii mei \u0219i nepoata mea, care reprezint\u0103 continuarea Vie\u021bii; acuarela: pe l\u00e2ng\u0103 vopseaua acrilic\u0103 pe p\u00e2nz\u0103, \u00eemi place foarte mult s\u0103 lucrez \u00een acuarel\u0103. C\u00e2nd c\u0103l\u0103toresc, pensulele, acuarelele \u0219i un caiet sunt mereu \u00een valiz\u0103. C\u0103l\u0103toria ocup\u0103 un loc important \u00een via\u021ba mea. S\u0103 v\u0103d alte orizonturi, alte peisaje este inspirant, \u00een capul meu se creeaz\u0103 imagini, fotografiile m\u0103 ajut\u0103 s\u0103-mi p\u0103strez reperele \u0219i noi picturi sau acuarele \u00eencep s\u0103 se nasc\u0103.<br \/>S\u0103 \u00eent\u00e2lnesc oameni \u0219i s\u0103 fac un schimb de idei.<\/p><\/div>\n\t\t\t<\/div>\n\t\t\t<\/div><div class=\"et_d4_element et_pb_column_2_5 et_pb_column et_pb_column_4  et_pb_css_mix_blend_mode et-last-child et_block_column\">\n\t\t\t\t\n\t\t\t\t\n\t\t\t\t\n\t\t\t\t\n\t\t\t\t<div class=\"et_pb_module et_d4_element et_pb_image et_pb_image_1\">\n\t\t\t\t\n\t\t\t\t\n\t\t\t\t\n\t\t\t\t\n\t\t\t\t<span class=\"et_pb_image_wrap \"><img loading=\"lazy\" decoding=\"async\" width=\"640\" height=\"528\" src=\"https:\/\/www.europanova.be\/wp-content\/uploads\/2021\/10\/balena.jpg\" alt=\"\" title=\"balena\" srcset=\"https:\/\/www.europanova.be\/wp-content\/uploads\/2021\/10\/balena.jpg 640w, https:\/\/www.europanova.be\/wp-content\/uploads\/2021\/10\/balena-300x248.jpg 300w\" sizes=\"(max-width: 640px) 100vw, 640px\" class=\"wp-image-2802\" \/><\/span>\n\t\t\t<\/div><div class=\"et_pb_module et_d4_element et_pb_image et_pb_image_2\">\n\t\t\t\t\n\t\t\t\t\n\t\t\t\t\n\t\t\t\t\n\t\t\t\t<span class=\"et_pb_image_wrap \"><img loading=\"lazy\" decoding=\"async\" width=\"478\" height=\"640\" src=\"https:\/\/www.europanova.be\/wp-content\/uploads\/2021\/10\/sabina5-1.jpg\" alt=\"\" title=\"sabina5-1\" srcset=\"https:\/\/www.europanova.be\/wp-content\/uploads\/2021\/10\/sabina5-1.jpg 478w, https:\/\/www.europanova.be\/wp-content\/uploads\/2021\/10\/sabina5-1-224x300.jpg 224w\" sizes=\"(max-width: 478px) 100vw, 478px\" class=\"wp-image-2798\" \/><\/span>\n\t\t\t<\/div><div class=\"et_pb_module et_d4_element et_pb_image et_pb_image_3\">\n\t\t\t\t\n\t\t\t\t\n\t\t\t\t\n\t\t\t\t\n\t\t\t\t<span class=\"et_pb_image_wrap \"><img loading=\"lazy\" decoding=\"async\" width=\"452\" height=\"640\" src=\"https:\/\/www.europanova.be\/wp-content\/uploads\/2021\/10\/sabinee.jpg\" alt=\"\" title=\"sabinee\" srcset=\"https:\/\/www.europanova.be\/wp-content\/uploads\/2021\/10\/sabinee.jpg 452w, https:\/\/www.europanova.be\/wp-content\/uploads\/2021\/10\/sabinee-212x300.jpg 212w\" sizes=\"(max-width: 452px) 100vw, 452px\" class=\"wp-image-2790\" \/><\/span>\n\t\t\t<\/div><div class=\"et_pb_module et_d4_element et_pb_image et_pb_image_4\">\n\t\t\t\t\n\t\t\t\t\n\t\t\t\t\n\t\t\t\t\n\t\t\t\t<span class=\"et_pb_image_wrap \"><img loading=\"lazy\" decoding=\"async\" width=\"452\" height=\"640\" src=\"https:\/\/www.europanova.be\/wp-content\/uploads\/2021\/10\/sabina1-1.jpg\" alt=\"\" title=\"sabina1-1\" srcset=\"https:\/\/www.europanova.be\/wp-content\/uploads\/2021\/10\/sabina1-1.jpg 452w, https:\/\/www.europanova.be\/wp-content\/uploads\/2021\/10\/sabina1-1-212x300.jpg 212w\" sizes=\"(max-width: 452px) 100vw, 452px\" class=\"wp-image-2813\" \/><\/span>\n\t\t\t<\/div><div class=\"et_pb_module et_d4_element et_pb_image et_pb_image_5\">\n\t\t\t\t\n\t\t\t\t\n\t\t\t\t\n\t\t\t\t\n\t\t\t\t<span class=\"et_pb_image_wrap \"><img loading=\"lazy\" decoding=\"async\" width=\"450\" height=\"640\" src=\"https:\/\/www.europanova.be\/wp-content\/uploads\/2021\/10\/sabine-3.jpg\" alt=\"\" title=\"sabine-3\" srcset=\"https:\/\/www.europanova.be\/wp-content\/uploads\/2021\/10\/sabine-3.jpg 450w, https:\/\/www.europanova.be\/wp-content\/uploads\/2021\/10\/sabine-3-211x300.jpg 211w\" sizes=\"(max-width: 450px) 100vw, 450px\" class=\"wp-image-2782\" \/><\/span>\n\t\t\t<\/div>\n\t\t\t<\/div>\n\t\t\t\t\n\t\t\t\t\n\t\t\t\t\n\t\t\t\t\n\t\t\t<\/div><div class=\"et_d4_element et_pb_row et_pb_row_3  et_pb_css_mix_blend_mode et_block_row\">\n\t\t\t\t<div class=\"et_d4_element et_pb_column_1_2 et_pb_column et_pb_column_5  et_pb_css_mix_blend_mode et_block_column\">\n\t\t\t\t\n\t\t\t\t\n\t\t\t\t\n\t\t\t\t\n\t\t\t\t<div class=\"et_pb_module et_d4_element et_pb_image et_pb_image_6\">\n\t\t\t\t\n\t\t\t\t\n\t\t\t\t\n\t\t\t\t\n\t\t\t\t<span class=\"et_pb_image_wrap \"><img loading=\"lazy\" decoding=\"async\" width=\"2000\" height=\"1500\" src=\"https:\/\/www.europanova.be\/wp-content\/uploads\/2021\/10\/sabine-.jpg\" alt=\"\" title=\"sabine-\" srcset=\"https:\/\/www.europanova.be\/wp-content\/uploads\/2021\/10\/sabine-.jpg 2000w, https:\/\/www.europanova.be\/wp-content\/uploads\/2021\/10\/sabine--300x225.jpg 300w, https:\/\/www.europanova.be\/wp-content\/uploads\/2021\/10\/sabine--1024x768.jpg 1024w, https:\/\/www.europanova.be\/wp-content\/uploads\/2021\/10\/sabine--768x576.jpg 768w, https:\/\/www.europanova.be\/wp-content\/uploads\/2021\/10\/sabine--1536x1152.jpg 1536w\" sizes=\"(max-width: 2000px) 100vw, 2000px\" class=\"wp-image-2761\" \/><\/span>\n\t\t\t<\/div>\n\t\t\t<\/div><div class=\"et_d4_element et_pb_column_1_2 et_pb_column et_pb_column_6  et_pb_css_mix_blend_mode et-last-child et_block_column et_pb_column_empty\">\n\t\t\t\t\n\t\t\t\t\n\t\t\t\t\n\t\t\t\t\n\t\t\t\t\n\t\t\t<\/div>\n\t\t\t\t\n\t\t\t\t\n\t\t\t\t\n\t\t\t\t\n\t\t\t<\/div>\n\t\t\t\t\n\t\t\t\t\n\t\t\t<\/div><\/p>\n","protected":false},"excerpt":{"rendered":"","protected":false},"author":1,"featured_media":6867,"comment_status":"closed","ping_status":"open","sticky":false,"template":"","format":"standard","meta":{"om_disable_all_campaigns":false,"_monsterinsights_skip_tracking":false,"_monsterinsights_sitenote_active":false,"_monsterinsights_sitenote_note":"","_monsterinsights_sitenote_category":0,"_et_pb_use_builder":"on","_et_pb_old_content":"","_et_gb_content_width":"","footnotes":""},"categories":[167],"tags":[],"class_list":["post-6060","post","type-post","status-publish","format-standard","has-post-thumbnail","hentry","category-pictori"],"aioseo_notices":[],"_links":{"self":[{"href":"https:\/\/www.europanova.be\/ro\/wp-json\/wp\/v2\/posts\/6060","targetHints":{"allow":["GET"]}}],"collection":[{"href":"https:\/\/www.europanova.be\/ro\/wp-json\/wp\/v2\/posts"}],"about":[{"href":"https:\/\/www.europanova.be\/ro\/wp-json\/wp\/v2\/types\/post"}],"author":[{"embeddable":true,"href":"https:\/\/www.europanova.be\/ro\/wp-json\/wp\/v2\/users\/1"}],"replies":[{"embeddable":true,"href":"https:\/\/www.europanova.be\/ro\/wp-json\/wp\/v2\/comments?post=6060"}],"version-history":[{"count":10,"href":"https:\/\/www.europanova.be\/ro\/wp-json\/wp\/v2\/posts\/6060\/revisions"}],"predecessor-version":[{"id":6791,"href":"https:\/\/www.europanova.be\/ro\/wp-json\/wp\/v2\/posts\/6060\/revisions\/6791"}],"wp:featuredmedia":[{"embeddable":true,"href":"https:\/\/www.europanova.be\/ro\/wp-json\/wp\/v2\/media\/6867"}],"wp:attachment":[{"href":"https:\/\/www.europanova.be\/ro\/wp-json\/wp\/v2\/media?parent=6060"}],"wp:term":[{"taxonomy":"category","embeddable":true,"href":"https:\/\/www.europanova.be\/ro\/wp-json\/wp\/v2\/categories?post=6060"},{"taxonomy":"post_tag","embeddable":true,"href":"https:\/\/www.europanova.be\/ro\/wp-json\/wp\/v2\/tags?post=6060"}],"curies":[{"name":"wp","href":"https:\/\/api.w.org\/{rel}","templated":true}]}}