{"id":6256,"date":"2023-05-12T16:15:10","date_gmt":"2023-05-12T15:15:10","guid":{"rendered":"https:\/\/www.europanova.be\/interviu-cu-autorul-gaetan-faucer\/"},"modified":"2024-05-19T16:41:47","modified_gmt":"2024-05-19T15:41:47","slug":"interviu-cu-autorul-gaetan-faucer","status":"publish","type":"post","link":"https:\/\/www.europanova.be\/ro\/interviu-cu-autorul-gaetan-faucer\/","title":{"rendered":"Interviu cu autorul Ga\u00ebtan Faucer"},"content":{"rendered":"<p><div class=\"et_d4_element et_pb_section et_pb_section_0 et_pb_with_background  et_pb_css_mix_blend_mode et_section_regular et_block_section\" >\n\t\t\t\t\n\t\t\t\t\n\t\t\t\t\n\t\t\t\t\n\t\t\t\t\n\t\t\t\t\n\t\t\t\t<div class=\"et_d4_element et_pb_row et_pb_row_0  et_pb_css_mix_blend_mode et_block_row\">\n\t\t\t\t<div class=\"et_d4_element et_pb_column_4_4 et_pb_column et_pb_column_0  et_pb_css_mix_blend_mode et-last-child et_block_column\">\n\t\t\t\t\n\t\t\t\t\n\t\t\t\t\n\t\t\t\t\n\t\t\t\t<div class=\"et_pb_module et_d4_element et_pb_text et_pb_text_0  et_pb_text_align_left et_pb_bg_layout_light\">\n\t\t\t\t\n\t\t\t\t\n\t\t\t\t\n\t\t\t\t\n\t\t\t\t<div class=\"et_pb_text_inner\"><div id=\"content-area\" class=\"clearfix\">\n<div id=\"left-area\">\n<article id=\"post-2889\" class=\"et_pb_post post-2889 post type-post status-publish format-standard has-post-thumbnail hentry category-auteurs tag-dumitru-crudu tag-jai-tue-hitler tag-mirela-nita-sandu tag-moi\">\n<div class=\"et_post_meta_wrapper\">\n<div id=\"content-area\" class=\"clearfix\">\n<div id=\"left-area\">\n<article id=\"post-2338\" class=\"et_pb_post post-2338 post type-post status-publish format-standard has-post-thumbnail hentry category-auteurs\">\n<div class=\"et_post_meta_wrapper\">\n<h1 class=\"entry-title\">Interviu cu autorul Ga\u00ebtan Faucer <br \/>Ga\u00ebtan Faucer<\/h1>\n<\/div>\n<\/article>\n<\/div>\n<\/div>\n<\/div>\n<\/article>\n<\/div>\n<\/div>\n<p>&nbsp;<\/p>\n<p>&nbsp;<\/p>\n<p>&nbsp;<\/p>\n<div id=\"ConnectiveDocSignExtentionInstalled\" data-extension-version=\"1.0.4\"><\/div><\/div>\n\t\t\t<\/div>\n\t\t\t<\/div>\n\t\t\t\t\n\t\t\t\t\n\t\t\t\t\n\t\t\t\t\n\t\t\t<\/div>\n\t\t\t\t\n\t\t\t\t\n\t\t\t<\/div><div class=\"et_d4_element et_pb_section et_pb_section_1  et_pb_css_mix_blend_mode et_section_regular et_block_section\" >\n\t\t\t\t\n\t\t\t\t\n\t\t\t\t\n\t\t\t\t\n\t\t\t\t\n\t\t\t\t\n\t\t\t\t<div class=\"et_d4_element et_pb_row et_pb_row_1  et_pb_css_mix_blend_mode et_block_row\">\n\t\t\t\t<div class=\"et_d4_element et_pb_column_1_2 et_pb_column et_pb_column_1  et_pb_css_mix_blend_mode et_block_column\">\n\t\t\t\t\n\t\t\t\t\n\t\t\t\t\n\t\t\t\t\n\t\t\t\t<div class=\"et_pb_module et_d4_element et_pb_image et_pb_image_0\">\n\t\t\t\t\n\t\t\t\t\n\t\t\t\t\n\t\t\t\t\n\t\t\t\t<span class=\"et_pb_image_wrap \"><img loading=\"lazy\" decoding=\"async\" width=\"200\" height=\"200\" src=\"https:\/\/www.europanova.be\/wp-content\/uploads\/2021\/02\/Gaetan-Faucer.jpg\" alt=\"\" title=\"Gaetan Faucer\" srcset=\"https:\/\/www.europanova.be\/wp-content\/uploads\/2021\/02\/Gaetan-Faucer.jpg 200w, https:\/\/www.europanova.be\/wp-content\/uploads\/2021\/02\/Gaetan-Faucer-150x150.jpg 150w\" sizes=\"(max-width: 200px) 100vw, 200px\" class=\"wp-image-2341\" \/><\/span>\n\t\t\t<\/div>\n\t\t\t<\/div><div class=\"et_d4_element et_pb_column_1_2 et_pb_column et_pb_column_2  et_pb_css_mix_blend_mode et-last-child et_block_column\">\n\t\t\t\t\n\t\t\t\t\n\t\t\t\t\n\t\t\t\t\n\t\t\t\t<div class=\"et_pb_module et_d4_element et_pb_text et_pb_text_1  et_pb_text_align_left et_pb_bg_layout_light\">\n\t\t\t\t\n\t\t\t\t\n\t\t\t\t\n\t\t\t\t\n\t\t\t\t<div class=\"et_pb_text_inner\"><p style=\"text-align: justify;\">Dramaturg, aforist, poet \u0219i romancier. Mai presus de toate, teatrul \u00eel inspir\u0103 \u00een toate formele lui. C\u00e2teva dintre piesele sale au fost jucate \u00een diferite locuri de teatru.<\/p>\n<p style=\"text-align: justify;\">Ultimele sale cinci c\u0103r\u021bi sunt: \u200b\u200b\u201eDes Maux de midi\u201d, aforisme, Ed. Lamiroy (2021), \u201eAnul 2000 are 20 de ani\u201d, nuvele (colective), Ed. Lamiroy (2020), \u201eMulching\u201d, nuvele (colective), la Ed. Lamiroy (2019), \u201eCrimes expresso\u201d, teatru, Ed. L\u2019Arl\u00e9sienne (2019), \u201eRecep\u021bionistul\u201d, povestiri (colective), Ed. Lamiroy (2019). <\/p>\n<p style=\"text-align: justify;\">Dar de asemenea : <a href=\"https:\/\/www.babelio.com\/auteur\/Gatan-Faucer\/298287\">https:\/\/www.babelio.com\/auteur\/Gatan-Faucer\/298287<\/a><\/p><\/div>\n\t\t\t<\/div>\n\t\t\t<\/div>\n\t\t\t\t\n\t\t\t\t\n\t\t\t\t\n\t\t\t\t\n\t\t\t<\/div>\n\t\t\t\t\n\t\t\t\t\n\t\t\t<\/div><div class=\"et_d4_element et_pb_section et_pb_section_2  et_pb_css_mix_blend_mode et_section_regular et_block_section\" >\n\t\t\t\t\n\t\t\t\t\n\t\t\t\t\n\t\t\t\t\n\t\t\t\t\n\t\t\t\t\n\t\t\t\t<div class=\"et_d4_element et_pb_row et_pb_row_2  et_pb_css_mix_blend_mode et_block_row\">\n\t\t\t\t<div class=\"et_d4_element et_pb_column_3_5 et_pb_column et_pb_column_3  et_pb_css_mix_blend_mode et_block_column\">\n\t\t\t\t\n\t\t\t\t\n\t\t\t\t\n\t\t\t\t\n\t\t\t\t<div class=\"et_pb_module et_d4_element et_pb_text et_pb_text_2  et_pb_text_align_left et_pb_bg_layout_light\">\n\t\t\t\t\n\t\t\t\t\n\t\t\t\t\n\t\t\t\t\n\t\t\t\t<div class=\"et_pb_text_inner\"><h2 style=\"text-align: justify;\"><em>1.  <strong>Pentru dvs, a fi scriitor este mai mult un job sau o pasiune? Cine este Ga\u00ebtan Faucer?<\/strong><br \/><\/em><\/h2>\n<p><em><\/em><\/p>\n<p><em><\/em><\/p><\/div>\n\t\t\t<\/div><div class=\"et_pb_module et_d4_element et_pb_text et_pb_text_3  et_pb_text_align_left et_pb_bg_layout_light\">\n\t\t\t\t\n\t\t\t\t\n\t\t\t\t\n\t\t\t\t\n\t\t\t\t<div class=\"et_pb_text_inner\"><p style=\"text-align: justify;\">De \u00eendat\u0103 ce pasiunea este puternic\u0103, meseria devine o pl\u0103cere. \u0218i aceast\u0103 pl\u0103cere este tocmai aceea de a scrie. A scrie \u00eenseamn\u0103 a te inventa \u0219i a te reinventa \u00een fiecare zi. De aceea m\u0103 simt pasionat. Cine sunt ? Un om care iube\u0219te via\u021ba \u0219i care respect\u0103 toate fiin\u021bele vii de pe aceast\u0103 planet\u0103. Pentru mine, nimic nu este mai pre\u021bios dec\u00e2t arta, iar prin diferite culturi, arta cap\u0103t\u0103 sensul s\u0103u deplin. Arta hr\u0103ne\u0219te inteligent spiritul uman. Drept urmare, nu ne g\u00e2ndim s\u0103-l distrugem pe cel\u0103lalt! Dimpotriv\u0103, exist\u0103 o comuniune.<\/p><\/div>\n\t\t\t<\/div><div class=\"et_pb_module et_d4_element et_pb_text et_pb_text_4  et_pb_text_align_left et_pb_bg_layout_light\">\n\t\t\t\t\n\t\t\t\t\n\t\t\t\t\n\t\t\t\t\n\t\t\t\t<div class=\"et_pb_text_inner\"><h2 style=\"text-align: justify;\"><em>2.  <strong>C\u00e2nd scrie\u021bi? \u00cen ce moment al zilei? C\u00e2t timp dedica\u021bi scrisului? Ave\u021bi un \u201eritual de scris\u201d, un grafic?<\/strong><br \/><\/em><\/h2>\n<p><em><\/em><\/p>\n<p><em><\/em><\/p><\/div>\n\t\t\t<\/div><div class=\"et_pb_module et_d4_element et_pb_text et_pb_text_5  et_pb_text_align_left et_pb_bg_layout_light\">\n\t\t\t\t\n\t\t\t\t\n\t\t\t\t\n\t\t\t\t\n\t\t\t\t<div class=\"et_pb_text_inner\"><p style=\"text-align: justify;\">Diminea\u021ba, amiaza \u0219i seara. \u0218i din c\u00e2nd \u00een c\u00e2nd noaptea. \u00cemi place s\u0103 scriu, nu exist\u0103 timp c\u00e2nd iube\u0219ti, este tot timpul. Dar mai am o sl\u0103biciune pentru diminea\u021ba. Simt c\u0103 mi-am f\u0103cut ziua! Eu beau cafea neagr\u0103 \u0219i m\u0103n\u00e2nc u\u0219or. \u00cen timp ce \u00eenghit litri de ap\u0103.<\/p><\/div>\n\t\t\t<\/div><div class=\"et_pb_module et_d4_element et_pb_text et_pb_text_6  et_pb_text_align_left et_pb_bg_layout_light\">\n\t\t\t\t\n\t\t\t\t\n\t\t\t\t\n\t\t\t\t\n\t\t\t\t<div class=\"et_pb_text_inner\"><h2 style=\"text-align: justify;\"><em>3.  <strong>Care sunt inten\u021biile din spatele pieselor tale? Ce reac\u021bii ai vrea s\u0103 ob\u021bii de la telespectatori \u0219i care a fost cea mai mare provocare din via\u021ba dvs de autor?<\/strong><br \/><\/em><\/h2>\n<p><em><\/em><\/p>\n<p><em><\/em><\/p><\/div>\n\t\t\t<\/div><div class=\"et_pb_module et_d4_element et_pb_text et_pb_text_7  et_pb_text_align_left et_pb_bg_layout_light\">\n\t\t\t\t\n\t\t\t\t\n\t\t\t\t\n\t\t\t\t\n\t\t\t\t<div class=\"et_pb_text_inner\"><p style=\"text-align: justify;\">\u00cencerc, la nivelul meu, s\u0103 reflect prostia uman\u0103. Subiect inepuizabil! O surs\u0103 cu adev\u0103rat inepuizabil\u0103. Drept urmare, \u00eemi place s\u0103 scriu despre prostie, violen\u021b\u0103 \u0219i rela\u021bii umane.<\/p>\n<p style=\"text-align: justify;\">Provocarea mea? Am avut mai multe. Dar mi-au dat o energie incredibil\u0103! De dou\u0103 ori, mi-am programat piesele \u00eentr-un teatru...\u0219i \u00eenc\u0103 nu erau terminate! A\u0219a c\u0103 am petrecut c\u00e2teva nop\u021bi nedormite s\u0103 lustruiesc \u0219i s\u0103 ajung la sf\u00e2r\u0219itul scrierii textului. Dup\u0103 aceea, am fost m\u00e2ndru de mine... Dar c\u00e2nd se \u00eent\u00e2mpl\u0103 asta, e cel mai r\u0103u co\u0219mar.<\/p>\n<p style=\"text-align: justify;\">Altfel, \u00eentr-un alt registru: scriu adesea o nuvel\u0103 \u00eentr-o singur\u0103 zi. Acestea sunt provoc\u0103ri pe care \u00eemi place s\u0103 le fac.<\/p><\/div>\n\t\t\t<\/div><div class=\"et_pb_module et_d4_element et_pb_text et_pb_text_8  et_pb_text_align_left et_pb_bg_layout_light\">\n\t\t\t\t\n\t\t\t\t\n\t\t\t\t\n\t\t\t\t\n\t\t\t\t<div class=\"et_pb_text_inner\"><h2 style=\"text-align: justify;\"><em>4.  <strong>Care este cartea ta preferat\u0103 \u0219i de ce? Mai ave\u021bi \u0219i alte pasiuni \u00een afar\u0103 de scris?<\/strong><br \/><\/em><\/h2>\n<p><em><\/em><\/p>\n<p><em><\/em><\/p><\/div>\n\t\t\t<\/div><div class=\"et_pb_module et_d4_element et_pb_text et_pb_text_9  et_pb_text_align_left et_pb_bg_layout_light\">\n\t\t\t\t\n\t\t\t\t\n\t\t\t\t\n\t\t\t\t\n\t\t\t\t<div class=\"et_pb_text_inner\"><p style=\"text-align: justify;\">Aceasta nu este o singur\u0103 carte, ci mai multe c\u0103r\u021bi. At\u00e2t de multe c\u0103r\u021bi mi-au influen\u021bat tinere\u021bea \u0219i au st\u00e2rnit dorin\u021ba de a scrie timpuriu. Foarte devreme mi-a pl\u0103cut s\u0103 citesc, ceea ce m-a \u00eempins inevitabil c\u0103tre marii clasici: Pentru teatru: Shakespeare, Moli\u00e8re, Musset, Ibsen, Oscar Wilde, Ionesco...\u0219i at\u00e2t de mul\u021bi al\u021bii. Pentru romane: Balzac, Zola, Hugo, Proust, Cocteau...\u0219i multe altele!<\/p>\n<p style=\"text-align: justify;\">Scrisul cuprinde multe alte pasiuni. \u00cemi place istoria \u0219i toate artele \u00een general (pictur\u0103, sculptur\u0103\u2026) Apoi \u00eemi plac foarte mult cinematograful \u0219i teatrul. Nu m\u0103 pot lipsi de ea!<\/p><\/div>\n\t\t\t<\/div><div class=\"et_pb_module et_d4_element et_pb_text et_pb_text_10  et_pb_text_align_left et_pb_bg_layout_light\">\n\t\t\t\t\n\t\t\t\t\n\t\t\t\t\n\t\t\t\t\n\t\t\t\t<div class=\"et_pb_text_inner\"><h2 style=\"text-align: justify;\"><em>5.  <strong>Piesele dvs sunt jucate \u00een Belgia. Mai mult, am cunoscut-o pe actri\u021ba Ariane Faez \u00een timpul uneia dintre reprezenta\u021biile dvs. Lucra\u021bi \u0219i cu al\u021bi arti\u0219ti? V\u0103 imagina\u021bi piesele dvs. traduse \u00een alte limbi \u0219i\/sau interpretate \u00een alte \u021b\u0103ri? Care sunt visele dramaturgului Ga\u00ebtan Faucer?<\/strong><br \/><\/em><\/h2>\n<p><em><\/em><\/p>\n<p><em><\/em><\/p><\/div>\n\t\t\t<\/div><div class=\"et_pb_module et_d4_element et_pb_text et_pb_text_11  et_pb_text_align_left et_pb_bg_layout_light\">\n\t\t\t\t\n\t\t\t\t\n\t\t\t\t\n\t\t\t\t\n\t\t\t\t<div class=\"et_pb_text_inner\"><p style=\"text-align: justify;\">Este adev\u0103rat c\u0103 \u00eemi place s\u0103 lucrez cu oameni care au o viziune pe care o apreciez. Ariane \u0219i al\u021bii sunt arti\u0219ti pe care \u00eei apreciez at\u00e2t artistic, c\u00e2t \u0219i uman. \u00cen plus, am \u0219i alte proiecte teatrale cu ea, la fel ca cu Ma\u00eflyse Hermans. Sunt mereu deschis cu privire la oportunitatea de a \u00eent\u00e2lni al\u021bi arti\u0219ti. Iubesc energiile noi. De asemenea, pl\u0103nuiesc s\u0103 intitulez tablourile unei prietene pictor, Nadine Genesse.<\/p>\n<p style=\"text-align: justify;\">Ah, traducerea textelor mele! Da, cu placere. Am avut deja experien\u021b\u0103 cu polonez\u0103 \u0219i olandez\u0103. Dar rom\u00e2na ar fi o ocazie foarte bun\u0103 (r\u00e2de). \u00cen acest mediu \u00eemi place s\u0103 cunosc oameni. Aceasta este partea magic\u0103 a profesiei.<\/p>\n<p style=\"text-align: justify;\">Exact, \u201evis\u201d este un cuv\u00e2nt mare, dar a\u0219 dori s\u0103 fiu tradus \u00een mai multe limbi. At\u00e2t piesele mele, c\u00e2t \u0219i nuvelele mele.<\/p><\/div>\n\t\t\t<\/div><div class=\"et_pb_module et_d4_element et_pb_text et_pb_text_12  et_pb_text_align_left et_pb_bg_layout_light\">\n\t\t\t\t\n\t\t\t\t\n\t\t\t\t\n\t\t\t\t\n\t\t\t\t<div class=\"et_pb_text_inner\"><h2 style=\"text-align: justify;\"><em>6. <strong>Ce sfat(e) le-ai da cititorilor no\u0219tri care viseaz\u0103 s\u0103 devin\u0103 scriitori?<\/strong><br \/><\/em><\/h2>\n<p><em><\/em><\/p>\n<p><em><\/em><\/p><\/div>\n\t\t\t<\/div><div class=\"et_pb_module et_d4_element et_pb_text et_pb_text_13  et_pb_text_align_left et_pb_bg_layout_light\">\n\t\t\t\t\n\t\t\t\t\n\t\t\t\t\n\t\t\t\t\n\t\t\t\t<div class=\"et_pb_text_inner\"><p style=\"text-align: justify;\">S\u0103 citeasc\u0103. Nimic nu bate asta. Este o dovad\u0103 at\u00e2t de clar\u0103. C\u0103 sunt interesa\u021bi de autorii clasici (din toate \u021b\u0103rile). Aici se afl\u0103 esen\u021ba literaturii. Da, repet: lectura. Este mai mult dec\u00e2t esen\u021bial! A citi \u00eenseamn\u0103 a scrie cu ochii t\u0103i!<\/p><\/div>\n\t\t\t<\/div><div class=\"et_pb_module et_d4_element et_pb_text et_pb_text_14  et_pb_text_align_left et_pb_bg_layout_light\">\n\t\t\t\t\n\t\t\t\t\n\t\t\t\t\n\t\t\t\t\n\t\t\t\t<div class=\"et_pb_text_inner\"><h2 style=\"text-align: justify;\"><em>7.  <\/em><strong><em>Despre ce este cea mai recent\u0103 carte a ta \u201eDes mals de midi\u201d la Editions Lamiroy? Poveste\u0219te-mi despre celelalte proiecte artistice ale tale...<\/em><\/strong><\/h2>\n<p><em><\/em><\/p>\n<p><em><\/em><\/p><\/div>\n\t\t\t<\/div><div class=\"et_pb_module et_d4_element et_pb_text et_pb_text_15  et_pb_text_align_left et_pb_bg_layout_light\">\n\t\t\t\t\n\t\t\t\t\n\t\t\t\t\n\t\t\t\t\n\t\t\t\t<div class=\"et_pb_text_inner\"><p style=\"text-align: justify;\">\u201eDes maux de midi\u201d este o colec\u021bie de citate. \u00cemi place foarte mult s\u0103 scriu aforisme, citate \u0219i alte g\u00e2nduri. Uneori sarcastic sau uneori amuzant, sau chiar serios. Aceast\u0103 ultim\u0103 carte este un compendiu al ultimelor mele g\u00e2nduri. Am avut o mare pl\u0103cere scriind-o. Mi-a luat mult timp...dar editorul este multumit de munca mea. Acesta este principalul!<\/p>\n<p style=\"text-align: justify;\">Am, evident, alte proiecte, dar dat\u0103 fiind situa\u021bia actual\u0103, e complicat. Se vor monta mai multe piese, dar nu \u0219tiu c\u00e2nd (\u0219i nimeni nu \u0219tie!). Din fericire, am proiecte de publicare \u00een curs de dezvoltare. Am o alt\u0103 carte care va ap\u0103rea \u00een toamna acestui an. \u00centre timp, am solicit\u0103ri de colaborare cu reviste \u0219i alte ziare literare. \u0218i \u00eenc\u0103 at\u00e2tea alte propuneri pe care nu le voi dezv\u0103lui imediat!<\/p>\n<p style=\"text-align: justify;\">Mul\u021bumesc pentru acest interviu. A fost o mare pl\u0103cere s\u0103 r\u0103spund la \u00eentreb\u0103rile dvs.<\/p>\n<p style=\"text-align: justify;\">Interviu realizat de Mirela NITA SANDU<\/p><\/div>\n\t\t\t<\/div>\n\t\t\t<\/div><div class=\"et_d4_element et_pb_column_2_5 et_pb_column et_pb_column_4  et_pb_css_mix_blend_mode et-last-child et_block_column\">\n\t\t\t\t\n\t\t\t\t\n\t\t\t\t\n\t\t\t\t\n\t\t\t\t<div class=\"et_pb_module et_d4_element et_pb_image et_pb_image_1\">\n\t\t\t\t\n\t\t\t\t\n\t\t\t\t\n\t\t\t\t\n\t\t\t\t<span class=\"et_pb_image_wrap \"><img loading=\"lazy\" decoding=\"async\" width=\"421\" height=\"583\" src=\"https:\/\/www.europanova.be\/wp-content\/uploads\/2021\/02\/imGae.jpg\" alt=\"\" title=\"imGae\" srcset=\"https:\/\/www.europanova.be\/wp-content\/uploads\/2021\/02\/imGae.jpg 421w, https:\/\/www.europanova.be\/wp-content\/uploads\/2021\/02\/imGae-217x300.jpg 217w\" sizes=\"(max-width: 421px) 100vw, 421px\" class=\"wp-image-2359\" \/><\/span>\n\t\t\t<\/div><div class=\"et_pb_module et_d4_element et_pb_image et_pb_image_2\">\n\t\t\t\t\n\t\t\t\t\n\t\t\t\t\n\t\t\t\t\n\t\t\t\t<span class=\"et_pb_image_wrap \"><img loading=\"lazy\" decoding=\"async\" width=\"195\" height=\"294\" src=\"https:\/\/www.europanova.be\/wp-content\/uploads\/2021\/02\/gaetan000-1.jpg\" alt=\"\" title=\"gaetan000\" class=\"wp-image-2353\" \/><\/span>\n\t\t\t<\/div><div class=\"et_pb_module et_d4_element et_pb_image et_pb_image_3\">\n\t\t\t\t\n\t\t\t\t\n\t\t\t\t\n\t\t\t\t\n\t\t\t\t<span class=\"et_pb_image_wrap \"><img loading=\"lazy\" decoding=\"async\" width=\"1255\" height=\"2048\" src=\"https:\/\/www.europanova.be\/wp-content\/uploads\/2021\/02\/Ga3.jpg\" alt=\"\" title=\"Ga3\" srcset=\"https:\/\/www.europanova.be\/wp-content\/uploads\/2021\/02\/Ga3.jpg 1255w, https:\/\/www.europanova.be\/wp-content\/uploads\/2021\/02\/Ga3-184x300.jpg 184w, https:\/\/www.europanova.be\/wp-content\/uploads\/2021\/02\/Ga3-628x1024.jpg 628w, https:\/\/www.europanova.be\/wp-content\/uploads\/2021\/02\/Ga3-768x1253.jpg 768w, https:\/\/www.europanova.be\/wp-content\/uploads\/2021\/02\/Ga3-941x1536.jpg 941w\" sizes=\"(max-width: 1255px) 100vw, 1255px\" class=\"wp-image-2348\" \/><\/span>\n\t\t\t<\/div><div class=\"et_pb_module et_d4_element et_pb_image et_pb_image_4\">\n\t\t\t\t\n\t\t\t\t\n\t\t\t\t\n\t\t\t\t\n\t\t\t\t<span class=\"et_pb_image_wrap \"><img loading=\"lazy\" decoding=\"async\" width=\"1360\" height=\"2048\" src=\"https:\/\/www.europanova.be\/wp-content\/uploads\/2021\/02\/Ga2.jpg\" alt=\"\" title=\"Ga2\" srcset=\"https:\/\/www.europanova.be\/wp-content\/uploads\/2021\/02\/Ga2.jpg 1360w, https:\/\/www.europanova.be\/wp-content\/uploads\/2021\/02\/Ga2-199x300.jpg 199w, https:\/\/www.europanova.be\/wp-content\/uploads\/2021\/02\/Ga2-680x1024.jpg 680w, https:\/\/www.europanova.be\/wp-content\/uploads\/2021\/02\/Ga2-768x1157.jpg 768w, https:\/\/www.europanova.be\/wp-content\/uploads\/2021\/02\/Ga2-1020x1536.jpg 1020w\" sizes=\"(max-width: 1360px) 100vw, 1360px\" class=\"wp-image-2347\" \/><\/span>\n\t\t\t<\/div><div class=\"et_pb_module et_d4_element et_pb_image et_pb_image_5\">\n\t\t\t\t\n\t\t\t\t\n\t\t\t\t\n\t\t\t\t\n\t\t\t\t<span class=\"et_pb_image_wrap \"><img loading=\"lazy\" decoding=\"async\" width=\"712\" height=\"515\" src=\"https:\/\/www.europanova.be\/wp-content\/uploads\/2021\/02\/ga5.jpg\" alt=\"\" title=\"ga5\" srcset=\"https:\/\/www.europanova.be\/wp-content\/uploads\/2021\/02\/ga5.jpg 712w, https:\/\/www.europanova.be\/wp-content\/uploads\/2021\/02\/ga5-300x217.jpg 300w\" sizes=\"(max-width: 712px) 100vw, 712px\" class=\"wp-image-2350\" \/><\/span>\n\t\t\t<\/div><div class=\"et_pb_module et_d4_element et_pb_image et_pb_image_6\">\n\t\t\t\t\n\t\t\t\t\n\t\t\t\t\n\t\t\t\t\n\t\t\t\t<span class=\"et_pb_image_wrap \"><img loading=\"lazy\" decoding=\"async\" width=\"595\" height=\"842\" src=\"https:\/\/www.europanova.be\/wp-content\/uploads\/2021\/02\/ga4.jpg\" alt=\"\" title=\"ga4\" srcset=\"https:\/\/www.europanova.be\/wp-content\/uploads\/2021\/02\/ga4.jpg 595w, https:\/\/www.europanova.be\/wp-content\/uploads\/2021\/02\/ga4-212x300.jpg 212w\" sizes=\"(max-width: 595px) 100vw, 595px\" class=\"wp-image-2349\" \/><\/span>\n\t\t\t<\/div><div class=\"et_pb_module et_d4_element et_pb_image et_pb_image_7\">\n\t\t\t\t\n\t\t\t\t\n\t\t\t\t\n\t\t\t\t\n\t\t\t\t<span class=\"et_pb_image_wrap \"><img loading=\"lazy\" decoding=\"async\" width=\"195\" height=\"283\" src=\"https:\/\/www.europanova.be\/wp-content\/uploads\/2021\/02\/ga6.jpg\" alt=\"\" title=\"ga6\" class=\"wp-image-2351\" \/><\/span>\n\t\t\t<\/div>\n\t\t\t<\/div>\n\t\t\t\t\n\t\t\t\t\n\t\t\t\t\n\t\t\t\t\n\t\t\t<\/div>\n\t\t\t\t\n\t\t\t\t\n\t\t\t<\/div><\/p>\n","protected":false},"excerpt":{"rendered":"","protected":false},"author":1,"featured_media":6915,"comment_status":"closed","ping_status":"open","sticky":false,"template":"","format":"standard","meta":{"om_disable_all_campaigns":false,"_monsterinsights_skip_tracking":false,"_monsterinsights_sitenote_active":false,"_monsterinsights_sitenote_note":"","_monsterinsights_sitenote_category":0,"_et_pb_use_builder":"on","_et_pb_old_content":"","_et_gb_content_width":"","footnotes":""},"categories":[162],"tags":[],"class_list":["post-6256","post","type-post","status-publish","format-standard","has-post-thumbnail","hentry","category-autor"],"aioseo_notices":[],"_links":{"self":[{"href":"https:\/\/www.europanova.be\/ro\/wp-json\/wp\/v2\/posts\/6256","targetHints":{"allow":["GET"]}}],"collection":[{"href":"https:\/\/www.europanova.be\/ro\/wp-json\/wp\/v2\/posts"}],"about":[{"href":"https:\/\/www.europanova.be\/ro\/wp-json\/wp\/v2\/types\/post"}],"author":[{"embeddable":true,"href":"https:\/\/www.europanova.be\/ro\/wp-json\/wp\/v2\/users\/1"}],"replies":[{"embeddable":true,"href":"https:\/\/www.europanova.be\/ro\/wp-json\/wp\/v2\/comments?post=6256"}],"version-history":[{"count":4,"href":"https:\/\/www.europanova.be\/ro\/wp-json\/wp\/v2\/posts\/6256\/revisions"}],"predecessor-version":[{"id":6787,"href":"https:\/\/www.europanova.be\/ro\/wp-json\/wp\/v2\/posts\/6256\/revisions\/6787"}],"wp:featuredmedia":[{"embeddable":true,"href":"https:\/\/www.europanova.be\/ro\/wp-json\/wp\/v2\/media\/6915"}],"wp:attachment":[{"href":"https:\/\/www.europanova.be\/ro\/wp-json\/wp\/v2\/media?parent=6256"}],"wp:term":[{"taxonomy":"category","embeddable":true,"href":"https:\/\/www.europanova.be\/ro\/wp-json\/wp\/v2\/categories?post=6256"},{"taxonomy":"post_tag","embeddable":true,"href":"https:\/\/www.europanova.be\/ro\/wp-json\/wp\/v2\/tags?post=6256"}],"curies":[{"name":"wp","href":"https:\/\/api.w.org\/{rel}","templated":true}]}}