{"id":6238,"date":"2023-05-12T13:35:01","date_gmt":"2023-05-12T12:35:01","guid":{"rendered":"https:\/\/www.europanova.be\/interviu-cu-artista-daniela-chirion\/"},"modified":"2024-05-19T16:42:02","modified_gmt":"2024-05-19T15:42:02","slug":"interviu-cu-artista-daniela-chirion","status":"publish","type":"post","link":"https:\/\/www.europanova.be\/ro\/interviu-cu-artista-daniela-chirion\/","title":{"rendered":"Interviu cu artista Daniela Chirion"},"content":{"rendered":"<p><div class=\"et_d4_element et_pb_section et_pb_section_0 et_pb_with_background  et_pb_css_mix_blend_mode et_section_regular et_block_section\" >\n\t\t\t\t\n\t\t\t\t\n\t\t\t\t\n\t\t\t\t\n\t\t\t\t\n\t\t\t\t\n\t\t\t\t<div class=\"et_d4_element et_pb_row et_pb_row_0  et_pb_css_mix_blend_mode et_block_row\">\n\t\t\t\t<div class=\"et_d4_element et_pb_column_4_4 et_pb_column et_pb_column_0  et_pb_css_mix_blend_mode et-last-child et_block_column\">\n\t\t\t\t\n\t\t\t\t\n\t\t\t\t\n\t\t\t\t\n\t\t\t\t<div class=\"et_pb_module et_d4_element et_pb_text et_pb_text_0  et_pb_text_align_left et_pb_bg_layout_light\">\n\t\t\t\t\n\t\t\t\t\n\t\t\t\t\n\t\t\t\t\n\t\t\t\t<div class=\"et_pb_text_inner\"><h1 class=\"entry-title\">Interviu cu artista Daniela Chirion<\/h1>\n<p>&nbsp;<\/p>\n<p>&nbsp;<\/p>\n<p>&nbsp;<\/p>\n<p>&nbsp;<\/p>\n<div id=\"ConnectiveDocSignExtentionInstalled\" data-extension-version=\"1.0.4\"><\/div><\/div>\n\t\t\t<\/div>\n\t\t\t<\/div>\n\t\t\t\t\n\t\t\t\t\n\t\t\t\t\n\t\t\t\t\n\t\t\t<\/div>\n\t\t\t\t\n\t\t\t\t\n\t\t\t<\/div><div class=\"et_d4_element et_pb_section et_pb_section_1  et_pb_css_mix_blend_mode et_section_regular et_block_section\" >\n\t\t\t\t\n\t\t\t\t\n\t\t\t\t\n\t\t\t\t\n\t\t\t\t\n\t\t\t\t\n\t\t\t\t<div class=\"et_d4_element et_pb_row et_pb_row_1  et_pb_css_mix_blend_mode et_block_row\">\n\t\t\t\t<div class=\"et_d4_element et_pb_column_1_2 et_pb_column et_pb_column_1  et_pb_css_mix_blend_mode et_block_column\">\n\t\t\t\t\n\t\t\t\t\n\t\t\t\t\n\t\t\t\t\n\t\t\t\t<div class=\"et_pb_module et_d4_element et_pb_image et_pb_image_0\">\n\t\t\t\t\n\t\t\t\t\n\t\t\t\t\n\t\t\t\t\n\t\t\t\t<span class=\"et_pb_image_wrap \"><img loading=\"lazy\" decoding=\"async\" width=\"1924\" height=\"2560\" src=\"https:\/\/www.europanova.be\/wp-content\/uploads\/2021\/07\/10.-White-Shades-XXIV-oil-on-linen-160x120cm-2018-scaled.jpg\" alt=\"\" title=\"10.-White-Shades-XXIV-oil-on-linen-160x120cm-2018\" srcset=\"https:\/\/www.europanova.be\/wp-content\/uploads\/2021\/07\/10.-White-Shades-XXIV-oil-on-linen-160x120cm-2018-scaled.jpg 1924w, https:\/\/www.europanova.be\/wp-content\/uploads\/2021\/07\/10.-White-Shades-XXIV-oil-on-linen-160x120cm-2018-225x300.jpg 225w, https:\/\/www.europanova.be\/wp-content\/uploads\/2021\/07\/10.-White-Shades-XXIV-oil-on-linen-160x120cm-2018-770x1024.jpg 770w, https:\/\/www.europanova.be\/wp-content\/uploads\/2021\/07\/10.-White-Shades-XXIV-oil-on-linen-160x120cm-2018-768x1022.jpg 768w, https:\/\/www.europanova.be\/wp-content\/uploads\/2021\/07\/10.-White-Shades-XXIV-oil-on-linen-160x120cm-2018-1155x1536.jpg 1155w, https:\/\/www.europanova.be\/wp-content\/uploads\/2021\/07\/10.-White-Shades-XXIV-oil-on-linen-160x120cm-2018-1539x2048.jpg 1539w\" sizes=\"(max-width: 1924px) 100vw, 1924px\" class=\"wp-image-2685\" \/><\/span>\n\t\t\t<\/div>\n\t\t\t<\/div><div class=\"et_d4_element et_pb_column_1_2 et_pb_column et_pb_column_2  et_pb_css_mix_blend_mode et-last-child et_block_column\">\n\t\t\t\t\n\t\t\t\t\n\t\t\t\t\n\t\t\t\t\n\t\t\t\t<div class=\"et_pb_module et_d4_element et_pb_text et_pb_text_1  et_pb_text_align_left et_pb_bg_layout_light\">\n\t\t\t\t\n\t\t\t\t\n\t\t\t\t\n\t\t\t\t\n\t\t\t\t<div class=\"et_pb_text_inner\"><p style=\"text-align: justify;\">\u201eTotul se \u00eenv\u00e2rte \u00een jurul cet\u0103\u021bii pe care o construim\u201d, a spus poetul-pictor pe care l-am cunoscut ast\u0103zi. \u0218i i-am v\u0103zut cetatea, p\u00e2nzele, creioanele \u0219i diagramele de culori. Am f\u0103cut \u00een sf\u00e2r\u0219it cuno\u0219tin\u021ba acestei pictori\u021be-magice care \u00eembl\u00e2nze\u0219te culorile, care str\u0103punge p\u00e2nzele cu privirea ei vioaie \u0219i care picteaz\u0103 ca o zei\u021b\u0103. Ea este una dintre artistele pentru care negrul este o culoare. Capodoperele sale, realizate \u00een alb-negru, m-au f\u0103cut s\u0103 m\u0103 g\u00e2ndesc la Pierre Soulages f\u0103r\u0103 ca eu s\u0103 v\u0103d abstractul.<\/p><\/div>\n\t\t\t<\/div>\n\t\t\t<\/div>\n\t\t\t\t\n\t\t\t\t\n\t\t\t\t\n\t\t\t\t\n\t\t\t<\/div>\n\t\t\t\t\n\t\t\t\t\n\t\t\t<\/div><div class=\"et_d4_element et_pb_section et_pb_section_2  et_pb_css_mix_blend_mode et_section_regular et_block_section\" >\n\t\t\t\t\n\t\t\t\t\n\t\t\t\t\n\t\t\t\t\n\t\t\t\t\n\t\t\t\t\n\t\t\t\t<div class=\"et_d4_element et_pb_row et_pb_row_2  et_pb_css_mix_blend_mode et_block_row\">\n\t\t\t\t<div class=\"et_d4_element et_pb_column_3_5 et_pb_column et_pb_column_3  et_pb_css_mix_blend_mode et_block_column\">\n\t\t\t\t\n\t\t\t\t\n\t\t\t\t\n\t\t\t\t\n\t\t\t\t<div class=\"et_pb_module et_d4_element et_pb_text et_pb_text_2  et_pb_text_align_left et_pb_bg_layout_light\">\n\t\t\t\t\n\t\t\t\t\n\t\t\t\t\n\t\t\t\t\n\t\t\t\t<div class=\"et_pb_text_inner\"><h2><em>1. Cine este Daniela Chirion \u0219i cum a \u00eenceput totul?<\/em><\/h2>\n<p><em><\/em><\/p>\n<p><em><\/em><\/p><\/div>\n\t\t\t<\/div><div class=\"et_pb_module et_d4_element et_pb_text et_pb_text_3  et_pb_text_align_left et_pb_bg_layout_light\">\n\t\t\t\t\n\t\t\t\t\n\t\t\t\t\n\t\t\t\t\n\t\t\t\t<div class=\"et_pb_text_inner\"><p style=\"text-align: justify;\">Daniela Chirion este pictor. Nu m\u0103 consider un artist \u2013 termenul a devenit prea ambiguu \u0219i prea des folosit. Scopul cercet\u0103rii mele este pictura. Lumina. Forma. Dragostea mea pentru pictur\u0103 este ancorat\u0103 \u00een lumea care se afl\u0103 dincolo de suprafa\u021ba p\u00e2nzei, o lume poetic\u0103, dar \u0219i practic\u0103; un pictor trebuie s\u0103 fie un poet, un filosof, un me\u0219ter precum \u0219i un simplu t\u00e2mplar. Privind lumea cu ochii plini de \u00eentreb\u0103ri \u0219i construindu-\u021bi propria lume cu propriile m\u00e2ini \u2013 \u00een asta const\u0103 frumuse\u021bea Picturii pentru mine.<\/p>\n<p style=\"text-align: justify;\">Am \u00eenceput foarte devreme, la doisprezece ani, v\u00e2rsta la care \u00een perioada Rena\u0219terii copiii \u00ee\u0219i \u00eencepeau ucenicia la un maestru. La acea v\u00e2rst\u0103, am ales s\u0103-mi continui studiile la un liceu de arte plastice. Dar, \u00een termeni absolu\u021bi, am \u00eenceput din totdeauna. Nu-mi amintesc s\u0103 fi vrut o alt\u0103 carier\u0103.<\/p><\/div>\n\t\t\t<\/div><div class=\"et_pb_module et_d4_element et_pb_text et_pb_text_4  et_pb_text_align_left et_pb_bg_layout_light\">\n\t\t\t\t\n\t\t\t\t\n\t\t\t\t\n\t\t\t\t\n\t\t\t\t<div class=\"et_pb_text_inner\"><h2 style=\"text-align: left;\"><em>2. Care este stilul t\u0103u \u0219i ce tehnici picturale folose\u0219ti? Ce teme explorezi? \u00cemi place ADN-ul t\u0103u mitocondrial...<\/em><\/h2>\n<p><em><\/em><\/p>\n<p><em><\/em><\/p><\/div>\n\t\t\t<\/div><div class=\"et_pb_module et_d4_element et_pb_text et_pb_text_5  et_pb_text_align_left et_pb_bg_layout_light\">\n\t\t\t\t\n\t\t\t\t\n\t\t\t\t\n\t\t\t\t\n\t\t\t\t<div class=\"et_pb_text_inner\"><p style=\"text-align: justify;\">Nu m-am putut identifica cu un anumit stil. Creez mereu noi serii de lucr\u0103ri, serii care au \u00een comun doar gestul meu pictural, tu\u0219a mea de pensul\u0103. M\u0103 reinventez mereu.<\/p>\n<p style=\"text-align: justify;\">Din punct de vedere tehnic, mereu am preferat culorile \u00een ulei pe p\u00e2nz\u0103 de in, pentru mine aceste dou\u0103 materiale sunt sinonime cu pictura. Netezimea, transparen\u021ba, consisten\u021ba culorilor \u00een ulei r\u0103m\u00e2ne incomparabil\u0103, precum \u0219i textura neregulat\u0103 \u0219i profund\u0103 a fibrei de in.<\/p>\n<p style=\"text-align: justify;\">Temele pe care le-am abordat de-a lungul timpului pot p\u0103rea clasice \u2013 portrete, peisaje, naturi moarte. Dar, aceasta este doar o aparen\u021b\u0103; tot ceea ce fac este \u00een esen\u021b\u0103 abstract \u0219i figurativul este doar un pretext pentru a picta. A\u0219 vrea s\u0103 spun c\u0103 elaborez\/construiesc compozi\u021bii. Sau, \u0219i mai bine, c\u0103 eu creez p\u00e2nze.<\/p>\n<p style=\"text-align: justify;\">\u201eADN mitocondrial\u201d este probabil cel mai conceptual din seriile mele. De obicei, prefer s\u0103 nu includ nara\u021biunea, prefer ca nara\u021biunea s\u0103 r\u0103m\u00e2n\u0103 implicit\u0103, nu explicit\u0103. Aici, \u00eens\u0103, exist\u0103 o nara\u021biune, oric\u00e2t de simpl\u0103 \u0219i de clar\u0103 \u2013 miezul seriei este format din cinci portrete care prezint\u0103 cinci genera\u021bii de femei, de la str\u0103-str\u0103bunica p\u00e2n\u0103 la mine. To\u021bi cinci suntem la cap\u0103tul unei lungi linii materne care merge \u00eenapoi \u00een zorii timpului. Din toat\u0103 aceast\u0103 filia\u021bie, eu sunt singura r\u0103mas\u0103 \u00een via\u021b\u0103, cea mai t\u00e2n\u0103r\u0103 \u0219i cea mai b\u0103tr\u00e2n\u0103 dintre to\u021bi str\u0103mo\u0219ii mei. M\u0103 aflu aici s\u0103 le spun povestea, s\u0103 le dau o fa\u021b\u0103 \u0219i s\u0103-i salvez de la uitare. M\u0103 aflu aici s\u0103 le spun povestea, s\u0103 le dau o fa\u021b\u0103 \u0219i s\u0103-i salvez de la uitare.<\/p><\/div>\n\t\t\t<\/div><div class=\"et_pb_module et_d4_element et_pb_text et_pb_text_6  et_pb_text_align_left et_pb_bg_layout_light\">\n\t\t\t\t\n\t\t\t\t\n\t\t\t\t\n\t\t\t\t\n\t\t\t\t<div class=\"et_pb_text_inner\"><h2 style=\"text-align: justify;\"><em>3. De ce doar alb-negru? Care este leg\u0103tura ta personal\u0103 cu cear\u0219afurile \u0219i lenjeria? Ce este culoarea pentru tine?<\/em><\/h2>\n<p><em><\/em><\/p>\n<p><em><\/em><\/p><\/div>\n\t\t\t<\/div><div class=\"et_pb_module et_d4_element et_pb_text et_pb_text_7  et_pb_text_align_left et_pb_bg_layout_light\">\n\t\t\t\t\n\t\t\t\t\n\t\t\t\t\n\t\t\t\t\n\t\t\t\t<div class=\"et_pb_text_inner\"><p style=\"text-align: justify;\">Este vopseaua sinonim\u0103 cu culoarea? Mi-am pus aceast\u0103 \u00eentrebare acum c\u00e2\u021biva ani. \u0218i r\u0103spunsul meu a fost nu.<\/p>\n<p style=\"text-align: justify;\">Pentru mine pictura este mult mai mult dec\u00e2t culoare. Este o textura, o vibratie, un gest. Este Lumina.<\/p>\n<p style=\"text-align: justify;\">Prin urmare, \u00een 2014, dup\u0103 mai bine de dou\u0103 decenii \u0219i jum\u0103tate de experimentare cu culoarea, am decis s\u0103 \u00eemi restr\u00e2ng paleta la alb-negru.<\/p>\n<p style=\"text-align: justify;\">Nu a fost u\u0219or. Mi-a luat doi ani s\u0103 renun\u021b la fundalurile colorate care str\u0103luceau prin straturile suprapuse de nuan\u021be. \u0218i, de asemenea, s\u0103 \u00eemi \u00eemping p\u00e2nzele c\u0103tre un acromatism radical av\u00e2nd \u00een acela\u0219i timp un obiectiv foarte clar \u2013 acela de a crea un fel de pictur\u0103 care, sub masca artei figurative, este de fapt abstract\u0103.<\/p>\n<p style=\"text-align: justify;\">Culoarea este peste tot. Culoarea este o senza\u021bie. Culoarea este, de asemenea, o iluzie, deoarece noi, oamenii, o vedem diferit de alte specii de animale. \u0218i dac\u0103 te g\u00e2nde\u0219ti la daltonii, chiar \u0219i la noi, nu vedem cu to\u021bii un curcubeu \u00een acela\u0219i mod.<\/p>\n<p style=\"text-align: justify;\">Culoarea este \u0219i via\u021b\u0103. Este emo\u021bie. Poate fi plin de bucurie, triste\u021be, speran\u021b\u0103 \u0219i disperare.<\/p>\n<p style=\"text-align: justify;\">Negrul pur \u0219i albul pur nu exist\u0103 \u00een natur\u0103. Acestea sunt concepte teoretice.<\/p>\n<p style=\"text-align: justify;\">Ceea ce ni se pare alb-negru mai contine multa culoare, nuante infinite.<\/p>\n<p style=\"text-align: justify;\">A\u0219a m-am \u00eendr\u0103gostit de toat\u0103 scara de griuri argintii neutre. M-am \u00eendr\u0103gostit de lumea lor sobr\u0103 \u0219i de provocarea de a ob\u021bine un efect maxim cu mijloace minime.<\/p>\n<p style=\"text-align: justify;\">Cear\u0219afurile \u0219i lenjeria de menaj au venit firesc ca pretext pentru falduri, pentru jocul de lumini \u0219i umbre. Cu siguran\u021b\u0103 exist\u0103 ceva intim acolo, dar \u0219i ceva misterios, ascuns. Din nou, povestea este deschis\u0103 tuturor interpret\u0103rilor.<\/p><\/div>\n\t\t\t<\/div><div class=\"et_pb_module et_d4_element et_pb_text et_pb_text_8  et_pb_text_align_left et_pb_bg_layout_light\">\n\t\t\t\t\n\t\t\t\t\n\t\t\t\t\n\t\t\t\t\n\t\t\t\t<div class=\"et_pb_text_inner\"><h2 style=\"text-align: justify;\"><em>4. C\u00e2t te-a costat s\u0103 faci, de exemplu, White Shades XXII \u0219i c\u00e2t timp \u021bi-a luat s\u0103-l faci?<\/em><\/h2>\n<p><em><\/em><\/p>\n<p><em><\/em><\/p><\/div>\n\t\t\t<\/div><div class=\"et_pb_module et_d4_element et_pb_text et_pb_text_9  et_pb_text_align_left et_pb_bg_layout_light\">\n\t\t\t\t\n\t\t\t\t\n\t\t\t\t\n\t\t\t\t\n\t\t\t\t<div class=\"et_pb_text_inner\"><p style=\"text-align: justify;\">\u201eWhite Shades XXII\u201d este o lucrare deosebit\u0103, \u00een sensul c\u0103 p\u00e2nza am preg\u0103tit-o \u00een \u00eentregime singur\u0103. Istoria sa este a\u0219adar destul de lung\u0103 \u2013 \u0219asiul a fost comandat separat, p\u00e2nza de in a fost achizi\u021bionat\u0103 din Gent, am montat p\u00e2nza pe \u0219asiu \u00eentr-o iarn\u0103 \u00eenghe\u021bat\u0103 \u0219i am plasat stratul de dup\u0103 \u00eentr-o var\u0103 \u00eensorit\u0103. Prin urmare, ar fi dificil de aproximat at\u00e2t costul materialelor, c\u00e2t \u0219i timpul (considerabil) necesar pentru preg\u0103tirea suportului. Acum prefer s\u0103-mi comand p\u00e2nzele deja preg\u0103tite pentru a economisi timp, dar vin \u00eentr-o dimensiune standard. Pentru un format atipic am nevoie de mult\u0103 r\u0103bdare \u0219i practic\u0103 artizanal\u0103, un know-how care, sper, nu va fi uitat \u00een ciuda erei digitale \u00een care tr\u0103im.<\/p>\n<p style=\"text-align: justify;\">\u00cen ceea ce prive\u0219te lucrarea \u00een sine, crearea imaginilor poate dura uneori ani de zile. Pictez doar c\u00e2nd structura compozi\u021biei este clar\u0103 \u00een capul meu. \u00cen acel moment, munca merge destul de repede \u2013 lucrez timp de o singur\u0103 sesiune care dureaz\u0103 de obicei \u00eentre dou\u0103sprezece \u0219i optsprezece ore. Cu toate acestea, acest moment de glorie este doar v\u00e2rful aisbergului.<\/p><\/div>\n\t\t\t<\/div><div class=\"et_pb_module et_d4_element et_pb_text et_pb_text_10  et_pb_text_align_left et_pb_bg_layout_light\">\n\t\t\t\t\n\t\t\t\t\n\t\t\t\t\n\t\t\t\t\n\t\t\t\t<div class=\"et_pb_text_inner\"><h2 style=\"text-align: justify;\"><em>5. Cum au evoluat picturile tale de-a lungul anilor? Ce te inspir\u0103?<\/em><\/h2>\n<p><em><\/em><\/p>\n<p><em><\/em><\/p><\/div>\n\t\t\t<\/div><div class=\"et_pb_module et_d4_element et_pb_text et_pb_text_11  et_pb_text_align_left et_pb_bg_layout_light\">\n\t\t\t\t\n\t\t\t\t\n\t\t\t\t\n\t\t\t\t\n\t\t\t\t<div class=\"et_pb_text_inner\"><p style=\"text-align: justify;\">Cred c\u0103 de-a lungul timpului lucr\u0103rile mele au devenit mai cerebrale \u0219i mai deta\u0219ate. Suprafa\u021ba p\u00e2nzei reflect\u0103 ceea ce se afl\u0103 dincolo de aparen\u021b\u0103.<\/p>\n<p style=\"text-align: justify;\">Sursele mele de inspira\u021bie sunt pe c\u00e2t de diverse, pe at\u00e2t de nea\u0219teptate. Nuan\u021ba unei culori, forma unei umbre, o muzic\u0103 din care extrag energia \u0219i o recreez pe p\u00e2nz\u0103. Uneori nimic altceva dec\u00e2t o stare de spirit poetic\u0103 care dore\u0219te s\u0103 poarte o form\u0103 vizibil\u0103.<\/p><\/div>\n\t\t\t<\/div><div class=\"et_pb_module et_d4_element et_pb_text et_pb_text_12  et_pb_text_align_left et_pb_bg_layout_light\">\n\t\t\t\t\n\t\t\t\t\n\t\t\t\t\n\t\t\t\t\n\t\t\t\t<div class=\"et_pb_text_inner\"><h2 style=\"text-align: left;\"><em>6. Ai un pictor preferat? Te influen\u021beaz\u0103 sau nu? \u0218i \u00een ce m\u0103sur\u0103?<\/em><em><\/em><\/h2>\n<p><em><\/em><\/p>\n<p><em><\/em><\/p><\/div>\n\t\t\t<\/div><div class=\"et_pb_module et_d4_element et_pb_text et_pb_text_13  et_pb_text_align_left et_pb_bg_layout_light\">\n\t\t\t\t\n\t\t\t\t\n\t\t\t\t\n\t\t\t\t\n\t\t\t\t<div class=\"et_pb_text_inner\"><p style=\"text-align: justify;\">Mi-au pl\u0103cut \u00eentotdeauna Diego Vel\u00e1zquez \u0219i Frans Hals pentru atingerea lor precis\u0103 \u0219i liber\u0103. James Whistler m-a inspirat cu deta\u0219area anecdotei \u0219i libertatea armoniilor autosuficiente. De asemenea, am apreciat \u00eentotdeauna leg\u0103tura lui cu muzica \u2013 dac\u0103 te g\u00e2nde\u0219ti la faptul c\u0103 a intitulat portretul mamei sale \u201eAranjament \u00een negru, opus 1\u201d.<\/p>\n<p style=\"text-align: justify;\">Dintre contemporani, diversitatea lui Gerhard Richter a fost \u00eentotdeauna pentru mine o confirmare a faptului c\u0103 trebuie s\u0103 ne eliber\u0103m de orice constr\u00e2ngere stilistic\u0103.<\/p>\n<p style=\"text-align: justify;\">Altfel, cu siguran\u021b\u0103 \u00eenv\u0103\u021b\u0103m din fiecare contact cu al\u021bi pictori, contemporani sau nu, mai ales \u00een anii de formare. Apoi, ne urm\u0103rim propriul drum.<\/p><\/div>\n\t\t\t<\/div><div class=\"et_pb_module et_d4_element et_pb_text et_pb_text_14  et_pb_text_align_left et_pb_bg_layout_light\">\n\t\t\t\t\n\t\t\t\t\n\t\t\t\t\n\t\t\t\t\n\t\t\t\t<div class=\"et_pb_text_inner\"><h2 style=\"text-align: justify;\"><em>7. Care a fost cea mai mare provocare din via\u021ba ta de artist? Ai alte pasiuni dec\u00e2t pictura? Se poate hr\u0103ni un artist doar cu pasiunea lui?<\/em><\/h2>\n<p><em><\/em><\/p>\n<p><em><\/em><\/p><\/div>\n\t\t\t<\/div><div class=\"et_pb_module et_d4_element et_pb_text et_pb_text_15  et_pb_text_align_left et_pb_bg_layout_light\">\n\t\t\t\t\n\t\t\t\t\n\t\t\t\t\n\t\t\t\t\n\t\t\t\t<div class=\"et_pb_text_inner\"><p style=\"text-align: justify;\">Fiecare zi a atelierului reprezint\u0103 o provocare \u0219i o lupt\u0103 \u00eempotriva propriilor limite. Pe m\u0103sur\u0103 ce se acumuleaz\u0103 experien\u021b\u0103, munca nu devine mai simpl\u0103, ci mai complicat\u0103. Cu c\u00e2t \u0219tim \u0219i suntem mai capabili, cu at\u00e2t ne d\u0103m seama c\u00e2t de pu\u021bin \u0219tim \u0219i c\u00e2t de pu\u021bin suntem capabili. Pasiunea pentru pictur\u0103 \u00eent\u00e2lne\u0219te <a><\/a> pasiunea pentru cunoa\u0219tere. Dincolo de dimensiunea sa estetic\u0103, pictura este \u00een sine un mod de a se cunoa\u0219te pe sine \u0219i a cunoa\u0219te lumea.<\/p>\n<p style=\"text-align: justify;\">Dar, orice pasiune, oric\u00e2t de arz\u0103toare ar fi, trebuie alimentat\u0103 din exterior. Altfel, se consum\u0103, se usuc\u0103, se repet\u0103. C\u0103r\u021bile, muzica, scrisul m-au f\u0103cut mereu s\u0103 renasc, s\u0103 m\u0103 reinventez. Orele singuratice ale nop\u021bii, de asemenea.<\/p><\/div>\n\t\t\t<\/div>\n\t\t\t<\/div><div class=\"et_d4_element et_pb_column_2_5 et_pb_column et_pb_column_4  et_pb_css_mix_blend_mode et-last-child et_block_column\">\n\t\t\t\t\n\t\t\t\t\n\t\t\t\t\n\t\t\t\t\n\t\t\t\t<div class=\"et_pb_module et_d4_element et_pb_image et_pb_image_1\">\n\t\t\t\t\n\t\t\t\t\n\t\t\t\t\n\t\t\t\t\n\t\t\t\t<span class=\"et_pb_image_wrap \"><img loading=\"lazy\" decoding=\"async\" width=\"2560\" height=\"1748\" src=\"https:\/\/www.europanova.be\/wp-content\/uploads\/2021\/07\/daniela1-scaled.jpg\" alt=\"\" title=\"daniela1\" srcset=\"https:\/\/www.europanova.be\/wp-content\/uploads\/2021\/07\/daniela1-scaled.jpg 2560w, https:\/\/www.europanova.be\/wp-content\/uploads\/2021\/07\/daniela1-300x205.jpg 300w, https:\/\/www.europanova.be\/wp-content\/uploads\/2021\/07\/daniela1-1024x699.jpg 1024w, https:\/\/www.europanova.be\/wp-content\/uploads\/2021\/07\/daniela1-768x524.jpg 768w, https:\/\/www.europanova.be\/wp-content\/uploads\/2021\/07\/daniela1-1536x1049.jpg 1536w, https:\/\/www.europanova.be\/wp-content\/uploads\/2021\/07\/daniela1-2048x1398.jpg 2048w\" sizes=\"(max-width: 2560px) 100vw, 2560px\" class=\"wp-image-2683\" \/><\/span>\n\t\t\t<\/div><div class=\"et_pb_module et_d4_element et_pb_image et_pb_image_2\">\n\t\t\t\t\n\t\t\t\t\n\t\t\t\t\n\t\t\t\t\n\t\t\t\t<span class=\"et_pb_image_wrap \"><img loading=\"lazy\" decoding=\"async\" width=\"1920\" height=\"2560\" src=\"https:\/\/www.europanova.be\/wp-content\/uploads\/2021\/07\/5-scaled.jpg\" alt=\"\" title=\"5\" srcset=\"https:\/\/www.europanova.be\/wp-content\/uploads\/2021\/07\/5-scaled.jpg 1920w, https:\/\/www.europanova.be\/wp-content\/uploads\/2021\/07\/5-225x300.jpg 225w, https:\/\/www.europanova.be\/wp-content\/uploads\/2021\/07\/5-768x1024.jpg 768w, https:\/\/www.europanova.be\/wp-content\/uploads\/2021\/07\/5-1152x1536.jpg 1152w, https:\/\/www.europanova.be\/wp-content\/uploads\/2021\/07\/5-1536x2048.jpg 1536w\" sizes=\"(max-width: 1920px) 100vw, 1920px\" class=\"wp-image-2703\" \/><\/span>\n\t\t\t<\/div><div class=\"et_pb_module et_d4_element et_pb_image et_pb_image_3\">\n\t\t\t\t\n\t\t\t\t\n\t\t\t\t\n\t\t\t\t\n\t\t\t\t<span class=\"et_pb_image_wrap \"><img loading=\"lazy\" decoding=\"async\" width=\"2048\" height=\"1826\" src=\"https:\/\/www.europanova.be\/wp-content\/uploads\/2021\/07\/1.-Atelier.jpg\" alt=\"\" title=\"1.-Atelier\" srcset=\"https:\/\/www.europanova.be\/wp-content\/uploads\/2021\/07\/1.-Atelier.jpg 2048w, https:\/\/www.europanova.be\/wp-content\/uploads\/2021\/07\/1.-Atelier-300x267.jpg 300w, https:\/\/www.europanova.be\/wp-content\/uploads\/2021\/07\/1.-Atelier-1024x913.jpg 1024w, https:\/\/www.europanova.be\/wp-content\/uploads\/2021\/07\/1.-Atelier-768x685.jpg 768w, https:\/\/www.europanova.be\/wp-content\/uploads\/2021\/07\/1.-Atelier-1536x1370.jpg 1536w\" sizes=\"(max-width: 2048px) 100vw, 2048px\" class=\"wp-image-2691\" \/><\/span>\n\t\t\t<\/div><div class=\"et_pb_module et_d4_element et_pb_image et_pb_image_4\">\n\t\t\t\t\n\t\t\t\t\n\t\t\t\t\n\t\t\t\t\n\t\t\t\t<span class=\"et_pb_image_wrap \"><img loading=\"lazy\" decoding=\"async\" width=\"1920\" height=\"2560\" src=\"https:\/\/www.europanova.be\/wp-content\/uploads\/2021\/07\/2-scaled.jpg\" alt=\"\" title=\"2\" srcset=\"https:\/\/www.europanova.be\/wp-content\/uploads\/2021\/07\/2-scaled.jpg 1920w, https:\/\/www.europanova.be\/wp-content\/uploads\/2021\/07\/2-225x300.jpg 225w, https:\/\/www.europanova.be\/wp-content\/uploads\/2021\/07\/2-768x1024.jpg 768w, https:\/\/www.europanova.be\/wp-content\/uploads\/2021\/07\/2-1152x1536.jpg 1152w, https:\/\/www.europanova.be\/wp-content\/uploads\/2021\/07\/2-1536x2048.jpg 1536w\" sizes=\"(max-width: 1920px) 100vw, 1920px\" class=\"wp-image-2688\" \/><\/span>\n\t\t\t<\/div><div class=\"et_pb_module et_d4_element et_pb_image et_pb_image_5\">\n\t\t\t\t\n\t\t\t\t\n\t\t\t\t\n\t\t\t\t\n\t\t\t\t<span class=\"et_pb_image_wrap \"><img loading=\"lazy\" decoding=\"async\" width=\"1671\" height=\"2560\" src=\"https:\/\/www.europanova.be\/wp-content\/uploads\/2021\/07\/22.-Light-Shadows-II-oil-on-linen-60x40cm-2021-scaled.jpg\" alt=\"\" title=\"22.-Light-Shadows-II-oil-on-linen-60x40cm-2021\" srcset=\"https:\/\/www.europanova.be\/wp-content\/uploads\/2021\/07\/22.-Light-Shadows-II-oil-on-linen-60x40cm-2021-scaled.jpg 1671w, https:\/\/www.europanova.be\/wp-content\/uploads\/2021\/07\/22.-Light-Shadows-II-oil-on-linen-60x40cm-2021-196x300.jpg 196w, https:\/\/www.europanova.be\/wp-content\/uploads\/2021\/07\/22.-Light-Shadows-II-oil-on-linen-60x40cm-2021-668x1024.jpg 668w, https:\/\/www.europanova.be\/wp-content\/uploads\/2021\/07\/22.-Light-Shadows-II-oil-on-linen-60x40cm-2021-768x1177.jpg 768w, https:\/\/www.europanova.be\/wp-content\/uploads\/2021\/07\/22.-Light-Shadows-II-oil-on-linen-60x40cm-2021-1002x1536.jpg 1002w, https:\/\/www.europanova.be\/wp-content\/uploads\/2021\/07\/22.-Light-Shadows-II-oil-on-linen-60x40cm-2021-1337x2048.jpg 1337w\" sizes=\"(max-width: 1671px) 100vw, 1671px\" class=\"wp-image-2684\" \/><\/span>\n\t\t\t<\/div><div class=\"et_pb_module et_d4_element et_pb_image et_pb_image_6\">\n\t\t\t\t\n\t\t\t\t\n\t\t\t\t\n\t\t\t\t\n\t\t\t\t<span class=\"et_pb_image_wrap \"><img loading=\"lazy\" decoding=\"async\" width=\"2560\" height=\"1327\" src=\"https:\/\/www.europanova.be\/wp-content\/uploads\/2021\/07\/15.-White-Shades-XXIX-oil-on-linen-66x126cm-2018-scaled.jpg\" alt=\"\" title=\"15. White Shades XXIX, oil on linen, 66x126cm, 2018\" srcset=\"https:\/\/www.europanova.be\/wp-content\/uploads\/2021\/07\/15.-White-Shades-XXIX-oil-on-linen-66x126cm-2018-scaled.jpg 2560w, https:\/\/www.europanova.be\/wp-content\/uploads\/2021\/07\/15.-White-Shades-XXIX-oil-on-linen-66x126cm-2018-300x156.jpg 300w, https:\/\/www.europanova.be\/wp-content\/uploads\/2021\/07\/15.-White-Shades-XXIX-oil-on-linen-66x126cm-2018-1024x531.jpg 1024w, https:\/\/www.europanova.be\/wp-content\/uploads\/2021\/07\/15.-White-Shades-XXIX-oil-on-linen-66x126cm-2018-768x398.jpg 768w, https:\/\/www.europanova.be\/wp-content\/uploads\/2021\/07\/15.-White-Shades-XXIX-oil-on-linen-66x126cm-2018-1536x796.jpg 1536w, https:\/\/www.europanova.be\/wp-content\/uploads\/2021\/07\/15.-White-Shades-XXIX-oil-on-linen-66x126cm-2018-2048x1062.jpg 2048w\" sizes=\"(max-width: 2560px) 100vw, 2560px\" class=\"wp-image-2690\" \/><\/span>\n\t\t\t<\/div><div class=\"et_pb_module et_d4_element et_pb_image et_pb_image_7\">\n\t\t\t\t\n\t\t\t\t\n\t\t\t\t\n\t\t\t\t\n\t\t\t\t<span class=\"et_pb_image_wrap \"><img loading=\"lazy\" decoding=\"async\" width=\"1920\" height=\"2560\" src=\"https:\/\/www.europanova.be\/wp-content\/uploads\/2021\/07\/3-scaled.jpg\" alt=\"\" title=\"3\" srcset=\"https:\/\/www.europanova.be\/wp-content\/uploads\/2021\/07\/3-scaled.jpg 1920w, https:\/\/www.europanova.be\/wp-content\/uploads\/2021\/07\/3-225x300.jpg 225w, https:\/\/www.europanova.be\/wp-content\/uploads\/2021\/07\/3-768x1024.jpg 768w, https:\/\/www.europanova.be\/wp-content\/uploads\/2021\/07\/3-1152x1536.jpg 1152w, https:\/\/www.europanova.be\/wp-content\/uploads\/2021\/07\/3-1536x2048.jpg 1536w\" sizes=\"(max-width: 1920px) 100vw, 1920px\" class=\"wp-image-2692\" \/><\/span>\n\t\t\t<\/div><div class=\"et_pb_module et_d4_element et_pb_image et_pb_image_8\">\n\t\t\t\t\n\t\t\t\t\n\t\t\t\t\n\t\t\t\t\n\t\t\t\t<span class=\"et_pb_image_wrap \"><img loading=\"lazy\" decoding=\"async\" width=\"1920\" height=\"2560\" src=\"https:\/\/www.europanova.be\/wp-content\/uploads\/2021\/07\/4-scaled.jpg\" alt=\"\" title=\"4\" srcset=\"https:\/\/www.europanova.be\/wp-content\/uploads\/2021\/07\/4-scaled.jpg 1920w, https:\/\/www.europanova.be\/wp-content\/uploads\/2021\/07\/4-225x300.jpg 225w, https:\/\/www.europanova.be\/wp-content\/uploads\/2021\/07\/4-768x1024.jpg 768w, https:\/\/www.europanova.be\/wp-content\/uploads\/2021\/07\/4-1152x1536.jpg 1152w, https:\/\/www.europanova.be\/wp-content\/uploads\/2021\/07\/4-1536x2048.jpg 1536w\" sizes=\"(max-width: 1920px) 100vw, 1920px\" class=\"wp-image-2689\" \/><\/span>\n\t\t\t<\/div>\n\t\t\t<\/div>\n\t\t\t\t\n\t\t\t\t\n\t\t\t\t\n\t\t\t\t\n\t\t\t<\/div><div class=\"et_d4_element et_pb_row et_pb_row_3  et_pb_css_mix_blend_mode et_block_row\">\n\t\t\t\t<div class=\"et_d4_element et_pb_column_4_4 et_pb_column et_pb_column_5  et_pb_css_mix_blend_mode et-last-child et_block_column\">\n\t\t\t\t\n\t\t\t\t\n\t\t\t\t\n\t\t\t\t\n\t\t\t\t<div class=\"et_pb_module et_d4_element et_pb_text et_pb_text_16  et_pb_text_align_left et_pb_bg_layout_light\">\n\t\t\t\t\n\t\t\t\t\n\t\t\t\t\n\t\t\t\t\n\t\t\t\t<div class=\"et_pb_text_inner\"><p>La s\u00e9rie des cinq g\u00e9n\u00e9rations:<\/p><\/div>\n\t\t\t<\/div>\n\t\t\t<\/div>\n\t\t\t\t\n\t\t\t\t\n\t\t\t\t\n\t\t\t\t\n\t\t\t<\/div><div class=\"et_d4_element et_pb_row et_pb_row_4  et_pb_css_mix_blend_mode et_block_row\">\n\t\t\t\t<div class=\"et_d4_element et_pb_column_1_5 et_pb_column et_pb_column_6  et_pb_css_mix_blend_mode et_block_column\">\n\t\t\t\t\n\t\t\t\t\n\t\t\t\t\n\t\t\t\t\n\t\t\t\t<div class=\"et_pb_module et_d4_element et_pb_image et_pb_image_9\">\n\t\t\t\t\n\t\t\t\t\n\t\t\t\t\n\t\t\t\t\n\t\t\t\t<span class=\"et_pb_image_wrap \"><img loading=\"lazy\" decoding=\"async\" width=\"1912\" height=\"2560\" src=\"https:\/\/www.europanova.be\/wp-content\/uploads\/2021\/07\/28.-MtDNA-1978-oil-on-canvas-40x30cm-2016-scaled.jpg\" alt=\"\" title=\"28.-MtDNA-1978-oil-on-canvas-40x30cm-2016\" srcset=\"https:\/\/www.europanova.be\/wp-content\/uploads\/2021\/07\/28.-MtDNA-1978-oil-on-canvas-40x30cm-2016-scaled.jpg 1912w, https:\/\/www.europanova.be\/wp-content\/uploads\/2021\/07\/28.-MtDNA-1978-oil-on-canvas-40x30cm-2016-224x300.jpg 224w, https:\/\/www.europanova.be\/wp-content\/uploads\/2021\/07\/28.-MtDNA-1978-oil-on-canvas-40x30cm-2016-765x1024.jpg 765w, https:\/\/www.europanova.be\/wp-content\/uploads\/2021\/07\/28.-MtDNA-1978-oil-on-canvas-40x30cm-2016-768x1028.jpg 768w, https:\/\/www.europanova.be\/wp-content\/uploads\/2021\/07\/28.-MtDNA-1978-oil-on-canvas-40x30cm-2016-1147x1536.jpg 1147w, https:\/\/www.europanova.be\/wp-content\/uploads\/2021\/07\/28.-MtDNA-1978-oil-on-canvas-40x30cm-2016-1530x2048.jpg 1530w\" sizes=\"(max-width: 1912px) 100vw, 1912px\" class=\"wp-image-2701\" \/><\/span>\n\t\t\t<\/div>\n\t\t\t<\/div><div class=\"et_d4_element et_pb_column_1_5 et_pb_column et_pb_column_7  et_pb_css_mix_blend_mode et_block_column\">\n\t\t\t\t\n\t\t\t\t\n\t\t\t\t\n\t\t\t\t\n\t\t\t\t<div class=\"et_pb_module et_d4_element et_pb_image et_pb_image_10\">\n\t\t\t\t\n\t\t\t\t\n\t\t\t\t\n\t\t\t\t\n\t\t\t\t<span class=\"et_pb_image_wrap \"><img loading=\"lazy\" decoding=\"async\" width=\"1920\" height=\"2560\" src=\"https:\/\/www.europanova.be\/wp-content\/uploads\/2021\/07\/27.-MtDNA-1941-oil-on-canvas-40x30cm-2016-scaled.jpg\" alt=\"\" title=\"27.-MtDNA-1941-oil-on-canvas-40x30cm-2016\" srcset=\"https:\/\/www.europanova.be\/wp-content\/uploads\/2021\/07\/27.-MtDNA-1941-oil-on-canvas-40x30cm-2016-scaled.jpg 1920w, https:\/\/www.europanova.be\/wp-content\/uploads\/2021\/07\/27.-MtDNA-1941-oil-on-canvas-40x30cm-2016-225x300.jpg 225w, https:\/\/www.europanova.be\/wp-content\/uploads\/2021\/07\/27.-MtDNA-1941-oil-on-canvas-40x30cm-2016-768x1024.jpg 768w, https:\/\/www.europanova.be\/wp-content\/uploads\/2021\/07\/27.-MtDNA-1941-oil-on-canvas-40x30cm-2016-1152x1536.jpg 1152w, https:\/\/www.europanova.be\/wp-content\/uploads\/2021\/07\/27.-MtDNA-1941-oil-on-canvas-40x30cm-2016-1536x2048.jpg 1536w\" sizes=\"(max-width: 1920px) 100vw, 1920px\" class=\"wp-image-2700\" \/><\/span>\n\t\t\t<\/div>\n\t\t\t<\/div><div class=\"et_d4_element et_pb_column_1_5 et_pb_column et_pb_column_8  et_pb_css_mix_blend_mode et_block_column\">\n\t\t\t\t\n\t\t\t\t\n\t\t\t\t\n\t\t\t\t\n\t\t\t\t<div class=\"et_pb_module et_d4_element et_pb_image et_pb_image_11\">\n\t\t\t\t\n\t\t\t\t\n\t\t\t\t\n\t\t\t\t\n\t\t\t\t<span class=\"et_pb_image_wrap \"><img loading=\"lazy\" decoding=\"async\" width=\"1920\" height=\"2560\" src=\"https:\/\/www.europanova.be\/wp-content\/uploads\/2021\/07\/26.-MtDNA-1920-oil-on-canvas-40x30cm-2016-scaled.jpg\" alt=\"\" title=\"26.-MtDNA-1920-oil-on-canvas-40x30cm-2016\" srcset=\"https:\/\/www.europanova.be\/wp-content\/uploads\/2021\/07\/26.-MtDNA-1920-oil-on-canvas-40x30cm-2016-scaled.jpg 1920w, https:\/\/www.europanova.be\/wp-content\/uploads\/2021\/07\/26.-MtDNA-1920-oil-on-canvas-40x30cm-2016-225x300.jpg 225w, https:\/\/www.europanova.be\/wp-content\/uploads\/2021\/07\/26.-MtDNA-1920-oil-on-canvas-40x30cm-2016-768x1024.jpg 768w, https:\/\/www.europanova.be\/wp-content\/uploads\/2021\/07\/26.-MtDNA-1920-oil-on-canvas-40x30cm-2016-1152x1536.jpg 1152w, https:\/\/www.europanova.be\/wp-content\/uploads\/2021\/07\/26.-MtDNA-1920-oil-on-canvas-40x30cm-2016-1536x2048.jpg 1536w\" sizes=\"(max-width: 1920px) 100vw, 1920px\" class=\"wp-image-2699\" \/><\/span>\n\t\t\t<\/div>\n\t\t\t<\/div><div class=\"et_d4_element et_pb_column_1_5 et_pb_column et_pb_column_9  et_pb_css_mix_blend_mode et_block_column\">\n\t\t\t\t\n\t\t\t\t\n\t\t\t\t\n\t\t\t\t\n\t\t\t\t<div class=\"et_pb_module et_d4_element et_pb_image et_pb_image_12\">\n\t\t\t\t\n\t\t\t\t\n\t\t\t\t\n\t\t\t\t\n\t\t\t\t<span class=\"et_pb_image_wrap \"><img loading=\"lazy\" decoding=\"async\" width=\"1920\" height=\"2560\" src=\"https:\/\/www.europanova.be\/wp-content\/uploads\/2021\/07\/25.-MtDNA-1895-oil-on-canvas-40x30cm-2016-scaled.jpg\" alt=\"\" title=\"25.-MtDNA-1895-oil-on-canvas-40x30cm-2016\" srcset=\"https:\/\/www.europanova.be\/wp-content\/uploads\/2021\/07\/25.-MtDNA-1895-oil-on-canvas-40x30cm-2016-scaled.jpg 1920w, https:\/\/www.europanova.be\/wp-content\/uploads\/2021\/07\/25.-MtDNA-1895-oil-on-canvas-40x30cm-2016-225x300.jpg 225w, https:\/\/www.europanova.be\/wp-content\/uploads\/2021\/07\/25.-MtDNA-1895-oil-on-canvas-40x30cm-2016-768x1024.jpg 768w, https:\/\/www.europanova.be\/wp-content\/uploads\/2021\/07\/25.-MtDNA-1895-oil-on-canvas-40x30cm-2016-1152x1536.jpg 1152w, https:\/\/www.europanova.be\/wp-content\/uploads\/2021\/07\/25.-MtDNA-1895-oil-on-canvas-40x30cm-2016-1536x2048.jpg 1536w\" sizes=\"(max-width: 1920px) 100vw, 1920px\" class=\"wp-image-2698\" \/><\/span>\n\t\t\t<\/div>\n\t\t\t<\/div><div class=\"et_d4_element et_pb_column_1_5 et_pb_column et_pb_column_10  et_pb_css_mix_blend_mode et-last-child et_block_column\">\n\t\t\t\t\n\t\t\t\t\n\t\t\t\t\n\t\t\t\t\n\t\t\t\t<div class=\"et_pb_module et_d4_element et_pb_image et_pb_image_13\">\n\t\t\t\t\n\t\t\t\t\n\t\t\t\t\n\t\t\t\t\n\t\t\t\t<span class=\"et_pb_image_wrap \"><img loading=\"lazy\" decoding=\"async\" width=\"1920\" height=\"2560\" src=\"https:\/\/www.europanova.be\/wp-content\/uploads\/2021\/07\/24.-MtDNA-1878-oil-on-canvas-40x30cm-2016-scaled.jpg\" alt=\"\" title=\"24.-MtDNA-1878-oil-on-canvas-40x30cm-2016\" srcset=\"https:\/\/www.europanova.be\/wp-content\/uploads\/2021\/07\/24.-MtDNA-1878-oil-on-canvas-40x30cm-2016-scaled.jpg 1920w, https:\/\/www.europanova.be\/wp-content\/uploads\/2021\/07\/24.-MtDNA-1878-oil-on-canvas-40x30cm-2016-225x300.jpg 225w, https:\/\/www.europanova.be\/wp-content\/uploads\/2021\/07\/24.-MtDNA-1878-oil-on-canvas-40x30cm-2016-768x1024.jpg 768w, https:\/\/www.europanova.be\/wp-content\/uploads\/2021\/07\/24.-MtDNA-1878-oil-on-canvas-40x30cm-2016-1152x1536.jpg 1152w, https:\/\/www.europanova.be\/wp-content\/uploads\/2021\/07\/24.-MtDNA-1878-oil-on-canvas-40x30cm-2016-1536x2048.jpg 1536w\" sizes=\"(max-width: 1920px) 100vw, 1920px\" class=\"wp-image-2697\" \/><\/span>\n\t\t\t<\/div>\n\t\t\t<\/div>\n\t\t\t\t\n\t\t\t\t\n\t\t\t\t\n\t\t\t\t\n\t\t\t<\/div>\n\t\t\t\t\n\t\t\t\t\n\t\t\t<\/div><\/p>\n","protected":false},"excerpt":{"rendered":"","protected":false},"author":1,"featured_media":6873,"comment_status":"closed","ping_status":"open","sticky":false,"template":"","format":"standard","meta":{"om_disable_all_campaigns":false,"_monsterinsights_skip_tracking":false,"_monsterinsights_sitenote_active":false,"_monsterinsights_sitenote_note":"","_monsterinsights_sitenote_category":0,"_et_pb_use_builder":"on","_et_pb_old_content":"","_et_gb_content_width":"","footnotes":""},"categories":[167],"tags":[],"class_list":["post-6238","post","type-post","status-publish","format-standard","has-post-thumbnail","hentry","category-pictori"],"aioseo_notices":[],"_links":{"self":[{"href":"https:\/\/www.europanova.be\/ro\/wp-json\/wp\/v2\/posts\/6238","targetHints":{"allow":["GET"]}}],"collection":[{"href":"https:\/\/www.europanova.be\/ro\/wp-json\/wp\/v2\/posts"}],"about":[{"href":"https:\/\/www.europanova.be\/ro\/wp-json\/wp\/v2\/types\/post"}],"author":[{"embeddable":true,"href":"https:\/\/www.europanova.be\/ro\/wp-json\/wp\/v2\/users\/1"}],"replies":[{"embeddable":true,"href":"https:\/\/www.europanova.be\/ro\/wp-json\/wp\/v2\/comments?post=6238"}],"version-history":[{"count":4,"href":"https:\/\/www.europanova.be\/ro\/wp-json\/wp\/v2\/posts\/6238\/revisions"}],"predecessor-version":[{"id":6789,"href":"https:\/\/www.europanova.be\/ro\/wp-json\/wp\/v2\/posts\/6238\/revisions\/6789"}],"wp:featuredmedia":[{"embeddable":true,"href":"https:\/\/www.europanova.be\/ro\/wp-json\/wp\/v2\/media\/6873"}],"wp:attachment":[{"href":"https:\/\/www.europanova.be\/ro\/wp-json\/wp\/v2\/media?parent=6238"}],"wp:term":[{"taxonomy":"category","embeddable":true,"href":"https:\/\/www.europanova.be\/ro\/wp-json\/wp\/v2\/categories?post=6238"},{"taxonomy":"post_tag","embeddable":true,"href":"https:\/\/www.europanova.be\/ro\/wp-json\/wp\/v2\/tags?post=6238"}],"curies":[{"name":"wp","href":"https:\/\/api.w.org\/{rel}","templated":true}]}}