{"id":6063,"date":"2023-03-28T18:49:13","date_gmt":"2023-03-28T17:49:13","guid":{"rendered":"https:\/\/www.europanova.be\/interviu-cu-artista-anca-medrea\/"},"modified":"2024-05-19T16:42:17","modified_gmt":"2024-05-19T15:42:17","slug":"interviu-cu-artista-anca-medrea","status":"publish","type":"post","link":"https:\/\/www.europanova.be\/ro\/interviu-cu-artista-anca-medrea\/","title":{"rendered":"Interviu cu artista Anca Medrea"},"content":{"rendered":"<p><div class=\"et_d4_element et_pb_section et_pb_section_0 et_pb_with_background  et_pb_css_mix_blend_mode et_section_regular et_block_section\" >\n\t\t\t\t\n\t\t\t\t\n\t\t\t\t\n\t\t\t\t\n\t\t\t\t\n\t\t\t\t\n\t\t\t\t<div class=\"et_d4_element et_pb_row et_pb_row_0  et_pb_css_mix_blend_mode et_block_row\">\n\t\t\t\t<div class=\"et_d4_element et_pb_column_4_4 et_pb_column et_pb_column_0  et_pb_css_mix_blend_mode et-last-child et_block_column\">\n\t\t\t\t\n\t\t\t\t\n\t\t\t\t\n\t\t\t\t\n\t\t\t\t<div class=\"et_pb_module et_d4_element et_pb_text et_pb_text_0  et_pb_text_align_left et_pb_bg_layout_light\">\n\t\t\t\t\n\t\t\t\t\n\t\t\t\t\n\t\t\t\t\n\t\t\t\t<div class=\"et_pb_text_inner\"><div id=\"content-area\" class=\"clearfix\">\n<div id=\"left-area\">\n<article id=\"post-2366\" class=\"et_pb_post post-2366 post type-post status-publish format-standard has-post-thumbnail hentry category-artistes-peintres\">\n<div class=\"et_post_meta_wrapper\">\n<h1 class=\"entry-title\">Interviu cu artista Anca Medrea<\/h1>\n<\/div>\n<\/article>\n<\/div>\n<\/div>\n<p>&nbsp;<\/p>\n<p>&nbsp;<\/p>\n<p>&nbsp;<\/p>\n<p>&nbsp;<\/p>\n<div id=\"ConnectiveDocSignExtentionInstalled\" data-extension-version=\"1.0.4\"><\/div><\/div>\n\t\t\t<\/div>\n\t\t\t<\/div>\n\t\t\t\t\n\t\t\t\t\n\t\t\t\t\n\t\t\t\t\n\t\t\t<\/div>\n\t\t\t\t\n\t\t\t\t\n\t\t\t<\/div><div class=\"et_d4_element et_pb_section et_pb_section_1  et_pb_css_mix_blend_mode et_section_regular et_block_section\" >\n\t\t\t\t\n\t\t\t\t\n\t\t\t\t\n\t\t\t\t\n\t\t\t\t\n\t\t\t\t\n\t\t\t\t<div class=\"et_d4_element et_pb_row et_pb_row_1  et_pb_css_mix_blend_mode et_block_row\">\n\t\t\t\t<div class=\"et_d4_element et_pb_column_1_2 et_pb_column et_pb_column_1  et_pb_css_mix_blend_mode et_block_column\">\n\t\t\t\t\n\t\t\t\t\n\t\t\t\t\n\t\t\t\t\n\t\t\t\t<div class=\"et_pb_module et_d4_element et_pb_image et_pb_image_0\">\n\t\t\t\t\n\t\t\t\t\n\t\t\t\t\n\t\t\t\t\n\t\t\t\t<span class=\"et_pb_image_wrap \"><img loading=\"lazy\" decoding=\"async\" width=\"526\" height=\"525\" src=\"https:\/\/www.europanova.be\/wp-content\/uploads\/2021\/01\/AncaMedrea.jpg\" alt=\"\" title=\"AncaMedrea\" srcset=\"https:\/\/www.europanova.be\/wp-content\/uploads\/2021\/01\/AncaMedrea.jpg 526w, https:\/\/www.europanova.be\/wp-content\/uploads\/2021\/01\/AncaMedrea-300x300.jpg 300w, https:\/\/www.europanova.be\/wp-content\/uploads\/2021\/01\/AncaMedrea-150x150.jpg 150w\" sizes=\"(max-width: 526px) 100vw, 526px\" class=\"wp-image-2266\" \/><\/span>\n\t\t\t<\/div>\n\t\t\t<\/div><div class=\"et_d4_element et_pb_column_1_2 et_pb_column et_pb_column_2  et_pb_css_mix_blend_mode et-last-child et_block_column\">\n\t\t\t\t\n\t\t\t\t\n\t\t\t\t\n\t\t\t\t\n\t\t\t\t<div class=\"et_pb_module et_d4_element et_pb_text et_pb_text_1  et_pb_text_align_left et_pb_bg_layout_light\">\n\t\t\t\t\n\t\t\t\t\n\t\t\t\t\n\t\t\t\t\n\t\t\t\t<div class=\"et_pb_text_inner\"><h2 style=\"text-align: center;\">Expozi\u021bia : <br \/><em><strong>\u00ab A journey without distance \u00bb <\/strong><\/em><\/h2>\n<p><em><strong><\/strong><\/em><\/p>\n<p><em><strong><\/strong><\/em><\/p>\n<p style=\"text-align: center;\">\u00eencep\u00e2nd cu 23 ianuarie p\u00e2n\u0103 pe 19 februarie 2021<\/p><\/div>\n\t\t\t<\/div>\n\t\t\t<\/div>\n\t\t\t\t\n\t\t\t\t\n\t\t\t\t\n\t\t\t\t\n\t\t\t<\/div><div class=\"et_d4_element et_pb_row et_pb_row_2  et_pb_css_mix_blend_mode et_block_row\">\n\t\t\t\t<div class=\"et_d4_element et_pb_column_4_4 et_pb_column et_pb_column_3  et_pb_css_mix_blend_mode et-last-child et_block_column\">\n\t\t\t\t\n\t\t\t\t\n\t\t\t\t\n\t\t\t\t\n\t\t\t\t<div class=\"et_pb_module et_d4_element et_pb_text et_pb_text_2  et_pb_text_align_left et_pb_bg_layout_light\">\n\t\t\t\t\n\t\t\t\t\n\t\t\t\t\n\t\t\t\t\n\t\t\t\t<div class=\"et_pb_text_inner\"><p style=\"text-align: justify;\">Licen\u021biat\u0103 \u00een literatur\u0103, Anca Medrea, dup\u0103 c\u00e2\u021biva ani de practic\u0103 autodidact\u0103, s-a lansat \u00een lumea copiilor propun\u00e2nd EuropeiNova un proiect de suflet, prin care \u0219i-a determinat elevii s\u0103 tr\u0103iasc\u0103 dansul momentului \u0219i s\u0103 se exprime prin culori. Atelierul \u201eDansez \u0219i pictez\u201d \u0219i-a deschis por\u021bile \u00een urm\u0103 cu doi ani \u0219i are un real succes.<\/p><\/div>\n\t\t\t<\/div>\n\t\t\t<\/div>\n\t\t\t\t\n\t\t\t\t\n\t\t\t\t\n\t\t\t\t\n\t\t\t<\/div>\n\t\t\t\t\n\t\t\t\t\n\t\t\t<\/div><div class=\"et_d4_element et_pb_section et_pb_section_2  et_pb_css_mix_blend_mode et_section_regular et_block_section\" >\n\t\t\t\t\n\t\t\t\t\n\t\t\t\t\n\t\t\t\t\n\t\t\t\t\n\t\t\t\t\n\t\t\t\t<div class=\"et_d4_element et_pb_row et_pb_row_3  et_pb_css_mix_blend_mode et_block_row\">\n\t\t\t\t<div class=\"et_d4_element et_pb_column_3_5 et_pb_column et_pb_column_4  et_pb_css_mix_blend_mode et_block_column\">\n\t\t\t\t\n\t\t\t\t\n\t\t\t\t\n\t\t\t\t\n\t\t\t\t<div class=\"et_pb_module et_d4_element et_pb_text et_pb_text_3  et_pb_text_align_left et_pb_bg_layout_light\">\n\t\t\t\t\n\t\t\t\t\n\t\t\t\t\n\t\t\t\t\n\t\t\t\t<div class=\"et_pb_text_inner\"><h2 style=\"text-align: justify;\"><em>1.C\u00e2nd ai sim\u021bit prima oar\u0103 chemarea \u201eculorii\u201d \u00een via\u021ba ta? De c\u00e2\u021bi ani pictezi \u0219i \u00een ce const\u0103 puterea ta ca artist?<br \/><\/em><\/h2>\n<p><em><\/em><\/p>\n<p><em><\/em><\/p><\/div>\n\t\t\t<\/div><div class=\"et_pb_module et_d4_element et_pb_text et_pb_text_4  et_pb_text_align_left et_pb_bg_layout_light\">\n\t\t\t\t\n\t\t\t\t\n\t\t\t\t\n\t\t\t\t\n\t\t\t\t<div class=\"et_pb_text_inner\"><p style=\"text-align: justify;\">Este foarte posibil ca, chemarea culorii \u00een via\u021ba mea s\u0103 fi existat dintotdeauna, pentru c\u0103 \u00een copil\u0103rie aveam deja vise unde pictam. Ca adult, am tr\u0103it mult\u0103 vreme cu binecunoscutul \u201eprogram\u201d de autosabotaj care \u00ee\u021bi spune \u201enu po\u021bi picta, nu ai talent\u201d. De fapt, am \u00eenceput s\u0103 pictez \u00een 2008, dup\u0103 ce am f\u0103cut un curs de acuarel\u0103 \u00eentr-un weekend. Puterea mea ca artist? Nu \u0219tiu dac\u0103 am a\u0219a \"putere\". \u00cemi amintesc ce mi-a spus primul \u0219i singurul meu profesor de acuarel\u0103 dup\u0103 prima mea lec\u021bie: \u201eAi culoare \u00een tine... Nu am ce s\u0103 te \u00eenv\u0103\u021b despre culoare; este un cadou... ori avem acest dar, ori nu. Desenul se poate \u00eenv\u0103\u021ba, dar culoarea este o abilitate \u00eenn\u0103scut\u0103\u201d. Deci, da, am aceast\u0103 facilitate... \u0219i aici nu vorbim despre m\u0103iestrie tehnic\u0103.<\/p><\/div>\n\t\t\t<\/div><div class=\"et_pb_module et_d4_element et_pb_text et_pb_text_5  et_pb_text_align_left et_pb_bg_layout_light\">\n\t\t\t\t\n\t\t\t\t\n\t\t\t\t\n\t\t\t\t\n\t\t\t\t<div class=\"et_pb_text_inner\"><h2 style=\"text-align: justify;\"><em>2. Andr\u00e9 Malraux spunea c\u0103 \u201earta este calea cea mai scurt\u0103 de la om la om\u201d. Ai sim\u021bit acest efect al artei tale? Dac\u0103 da, \u00een ce context(e)?<br \/><\/em><\/h2>\n<p><em><\/em><\/p>\n<p><em><\/em><\/p><\/div>\n\t\t\t<\/div><div class=\"et_pb_module et_d4_element et_pb_text et_pb_text_6  et_pb_text_align_left et_pb_bg_layout_light\">\n\t\t\t\t\n\t\t\t\t\n\t\t\t\t\n\t\t\t\t\n\t\t\t\t<div class=\"et_pb_text_inner\"><p style=\"text-align: justify;\">Ceea ce spune Malraux este, mai degrab\u0103, o credin\u021b\u0103; credin\u0163a lui \u00een ea. Pentru mine, Dragostea este cel mai scurt drum de la om la om. Arta este o u\u0219\u0103 c\u0103tre dimensiuni neb\u0103nuite \u00een fiecare dintre noi, dar gradul de deschidere a acestei u\u0219i depinde de o mul\u021bime de factori.<\/p><\/div>\n\t\t\t<\/div><div class=\"et_pb_module et_d4_element et_pb_text et_pb_text_7  et_pb_text_align_left et_pb_bg_layout_light\">\n\t\t\t\t\n\t\t\t\t\n\t\t\t\t\n\t\t\t\t\n\t\t\t\t<div class=\"et_pb_text_inner\"><h2 style=\"text-align: justify;\"><em>3. Care a fost cea mai mare sau mai interesant\u0103 provocare din via\u021ba ta de artist?<br \/><\/em><\/h2>\n<p><em><\/em><\/p>\n<p><em><\/em><\/p><\/div>\n\t\t\t<\/div><div class=\"et_pb_module et_d4_element et_pb_text et_pb_text_8  et_pb_text_align_left et_pb_bg_layout_light\">\n\t\t\t\t\n\t\t\t\t\n\t\t\t\t\n\t\t\t\t\n\t\t\t\t<div class=\"et_pb_text_inner\"><p style=\"text-align: justify;\">Nu v\u0103d \u0219i nu vreau s\u0103 caut prea mult \u00een memorie un moment sau o situa\u021bie anume pe care am tr\u0103it-o ca pe o provocare. Pentru mine, \u00eensu\u0219i procesul de crea\u021bie este o provocare permanent\u0103, \u00een sensul c\u0103 nu \u0219tiu niciodat\u0103, cu adev\u0103rat niciodat\u0103, ce voi picta atunci c\u00e2nd stau \u00een genunchi \u00een fa\u021ba unei p\u00e2nze albe sau, la mas\u0103, \u00een fa\u021ba golului h\u00e2rtie de acuarel\u0103. \u0218i, m\u0103 bucur c\u0103 nu \u0219tiu, c\u0103 nu am idee, nici o imagine deja conceput\u0103... o las s\u0103 se \u00eent\u00e2mple... M\u0103 minunez de ceea ce se \u00eent\u00e2mpl\u0103 \u00een fa\u021ba mea, prin mine... \u0219i sunt mereu \u00eencrez\u0103toare \u00een acest proces \u0219i recunosc\u0103toare c\u0103 pot \u201eparticipa\u201d la acest act care m\u0103 dep\u0103\u0219e\u0219te de cele mai multe ori.<\/p><\/div>\n\t\t\t<\/div><div class=\"et_pb_module et_d4_element et_pb_text et_pb_text_9  et_pb_text_align_left et_pb_bg_layout_light\">\n\t\t\t\t\n\t\t\t\t\n\t\t\t\t\n\t\t\t\t\n\t\t\t\t<div class=\"et_pb_text_inner\"><h2 style=\"text-align: justify;\"><em><\/em><em>4. Te influen\u021beaz\u0103 sau nu critica, oricare ar fi ea? \u0218i \u00een ce m\u0103sur\u0103?<br \/><\/em><\/h2>\n<h2 style=\"text-align: justify;\"><\/h2><\/div>\n\t\t\t<\/div><div class=\"et_pb_module et_d4_element et_pb_text et_pb_text_10  et_pb_text_align_left et_pb_bg_layout_light\">\n\t\t\t\t\n\t\t\t\t\n\t\t\t\t\n\t\t\t\t\n\t\t\t\t<div class=\"et_pb_text_inner\"><p style=\"text-align: justify;\">\u0218tiu c\u0103 crea\u021bia mea, pictura mea, este o fiin\u021b\u0103 vie care are, undeva, propria evolu\u021bie, propria ei dezvoltare, \u00een mare m\u0103sur\u0103 independent\u0103 de propria mea voin\u021b\u0103 \u0219i, ca orice entitate vie, trebuie s\u0103 treac\u0103 prin etape \u201enaturale\u201d. Nu pot for\u021ba nimic, nu pot \u201eanticipa\u201d nimic. De multe ori m\u0103 pun \u00een slujba acestei fiin\u021be, sunt martorul \u0219i tovar\u0103\u0219ul evolu\u021biei ei. Privite din acest unghi, nu \u0219tiu cum ceea ce numim \u201ecritici\u201d (care sunt adesea sugestii, sfaturi, posibile direc\u021bii de urmat) ar putea influen\u021ba \u00eentr-un mod vizibil c\u0103l\u0103toria acestei fiin\u021be vii, care este crea\u021bia mea. La nivelul fiec\u0103rei tehnici sunt, desigur, mereu, foarte multe lucruri de \u00eenv\u0103\u021bat, mai ales pentru un autodidact \u0219i un pictor amator ca mine \u0219i acolo apreciez sfaturile critice de la cei care au parcurs deja drumurile trasate de pictur\u0103 \u201eacademic\u0103\u201d dar, \u00een afar\u0103 de asta, \u00eemi las pictura s\u0103-\u0219i tr\u0103iasc\u0103 via\u021ba \u0219i m\u0103 minunez de fiecare pas pe care \u00eel face.<\/p><\/div>\n\t\t\t<\/div><div class=\"et_pb_module et_d4_element et_pb_text et_pb_text_11  et_pb_text_align_left et_pb_bg_layout_light\">\n\t\t\t\t\n\t\t\t\t\n\t\t\t\t\n\t\t\t\t\n\t\t\t\t<div class=\"et_pb_text_inner\"><h2 style=\"text-align: justify;\"><em>5. Nu este foarte u\u0219or s\u0103 c\u00e2\u0219tigi o existen\u021b\u0103 bun\u0103 ca artist. Care ar fi sfatul pentru fiul t\u0103u dac\u0103 \u00eentr-o zi \u021bi-ar spune: \u201eVreau s\u0103 devin pictor\u201d?<\/em><\/h2>\n<p><em><\/em><\/p>\n<p><em><\/em><\/p><\/div>\n\t\t\t<\/div><div class=\"et_pb_module et_d4_element et_pb_text et_pb_text_12  et_pb_text_align_left et_pb_bg_layout_light\">\n\t\t\t\t\n\t\t\t\t\n\t\t\t\t\n\t\t\t\t\n\t\t\t\t<div class=\"et_pb_text_inner\"><p style=\"text-align: justify;\">F\u0102-O... dac\u0103 este \u00een tine, nici m\u0103car nu este o chestiune de op\u021biune, este o nevoie vital\u0103 care trebuie onorata, hr\u0103nit\u0103 \u0219i manifestat\u0103 Lumii.<\/p><\/div>\n\t\t\t<\/div><div class=\"et_pb_module et_d4_element et_pb_text et_pb_text_13  et_pb_text_align_left et_pb_bg_layout_light\">\n\t\t\t\t\n\t\t\t\t\n\t\t\t\t\n\t\t\t\t\n\t\t\t\t<div class=\"et_pb_text_inner\"><h2 style=\"text-align: justify;\"><em>6. Leonardo Da Vinci spunea c\u0103 \u201earta nu este niciodat\u0103 terminat\u0103, ci doar abandonat\u0103\u201d. C\u00e2te tablouri ai abandonat sau l\u0103sat neterminate? \u00ce\u021bi spui uneori c\u0103 ar fi trebuit s\u0103 pictezi altfel o p\u00e2nz\u0103 sau c\u0103 nu e\u0219ti mul\u021bumit\u0103 de rezultatul final?<\/em><em><\/em><\/h2>\n<p><em><\/em><\/p>\n<p><em><\/em><\/p><\/div>\n\t\t\t<\/div><div class=\"et_pb_module et_d4_element et_pb_text et_pb_text_14  et_pb_text_align_left et_pb_bg_layout_light\">\n\t\t\t\t\n\t\t\t\t\n\t\t\t\t\n\t\t\t\t\n\t\t\t\t<div class=\"et_pb_text_inner\"><p style=\"text-align: justify;\">Am o mul\u021bime de acuarele neterminate, ceea ce mi se pare normal, pentru c\u0103 este o tehnic\u0103 extrem de solicitant\u0103, care nu permite prea multe corecturi. Dar, ca orice tablou, finalizat sau neterminat, este o fiin\u021b\u0103 care m-a f\u0103cut s\u0103 particip la via\u021ba lui pentru o perioad\u0103 de timp, pun\u00e2nd \u00een mi\u0219care st\u0103ri de spirit, nevoi expresive ale momentului, amestecuri de culori specifice etc., sunt mereu mul\u021bumit\u0103, nu am niciodat\u0103 gustul e\u0219ecului \u0219i nu m\u0103 simt niciodat\u0103 dezam\u0103git\u0103 de rezultatul final, pentru c\u0103 pentru mine acesta conteaz\u0103 mai pu\u021bin. Pictura este un act existen\u021bial \u0219i nu un scop \u00een sine, nu c\u0103utarea gratifica\u021biei printr-un rezultat a\u0219teptat, cerut, dorit.<\/p><\/div>\n\t\t\t<\/div><div class=\"et_pb_module et_d4_element et_pb_text et_pb_text_15  et_pb_text_align_left et_pb_bg_layout_light\">\n\t\t\t\t\n\t\t\t\t\n\t\t\t\t\n\t\t\t\t\n\t\t\t\t<div class=\"et_pb_text_inner\"><h2><em>7.<\/em> <em>Un g\u00e2nd pentru studen\u021bii t\u0103i arti\u0219ti?<\/em><\/h2>\n<p>&nbsp;<\/p><\/div>\n\t\t\t<\/div><div class=\"et_pb_module et_d4_element et_pb_text et_pb_text_16  et_pb_text_align_left et_pb_bg_layout_light\">\n\t\t\t\t\n\t\t\t\t\n\t\t\t\t\n\t\t\t\t\n\t\t\t\t<div class=\"et_pb_text_inner\"><p style=\"text-align: justify;\">A\u0219 vrea s\u0103 fiu\/devin pentru elevii mei ceea ce Jacques Salom\u00e9 nume\u0219te \u201eun profesor de via\u021b\u0103\u201d (Vede\u021bi? Cum spunem \u201eprofesorul meu de matematic\u0103\u201d, \u201eprofesorul meu de biologie\u201d am putea spune \u201eprofesorul meu de VIA\u021a\u0102\u201d) . Respect\u0103 VIA\u021aA, cunoa\u0219te legile naturale ale Vie\u021bii, ai o privire iubitoare asupra lucrurilor, o privire care \u00eent\u00e2mpin\u0103, care m\u00e2ng\u00e2ie Lumea, care recunoa\u0219te \u0219i manifest\u0103 Frumuse\u021bea. Dar, pentru a realiza acest lucru, trebuie s\u0103 \u00eenve\u021be s\u0103 \u201e\u00eencetineasc\u0103\u201d, s\u0103-\u0219i lini\u0219teasc\u0103 respira\u021bia, s\u0103 mearg\u0103 \u00een interiorul lori, s\u0103-\u0219i acorde timp, s\u0103 lase spa\u021biu imagina\u021biei, imaginilor care se ridic\u0103 din ad\u00e2ncuri. Ei trebuie s\u0103 \u00eenve\u021be s\u0103 nu vrea s\u0103 fac\u0103 \u201elucruri\u201d cu orice pre\u021b, ci mai degrab\u0103 s\u0103-\u0219i asculte interiorul care este \u00een perpetu\u0103 schimbare. Astfel, picturile lor vor fi expresia autentic\u0103 a propriei muzici interioare.<\/p>\n<p style=\"text-align: justify;\"><em>Interviu realizat de Mirela Nita Sandu<\/em><\/p><\/div>\n\t\t\t<\/div>\n\t\t\t<\/div><div class=\"et_d4_element et_pb_column_2_5 et_pb_column et_pb_column_5  et_pb_css_mix_blend_mode et-last-child et_block_column\">\n\t\t\t\t\n\t\t\t\t\n\t\t\t\t\n\t\t\t\t\n\t\t\t\t<div class=\"et_pb_module et_d4_element et_pb_image et_pb_image_1\">\n\t\t\t\t\n\t\t\t\t\n\t\t\t\t\n\t\t\t\t\n\t\t\t\t<span class=\"et_pb_image_wrap \"><img loading=\"lazy\" decoding=\"async\" width=\"750\" height=\"1000\" src=\"https:\/\/www.europanova.be\/wp-content\/uploads\/2021\/01\/anc.jpg\" alt=\"\" title=\"anc\" srcset=\"https:\/\/www.europanova.be\/wp-content\/uploads\/2021\/01\/anc.jpg 750w, https:\/\/www.europanova.be\/wp-content\/uploads\/2021\/01\/anc-225x300.jpg 225w\" sizes=\"(max-width: 750px) 100vw, 750px\" class=\"wp-image-2263\" \/><\/span>\n\t\t\t<\/div>\n\t\t\t<\/div>\n\t\t\t\t\n\t\t\t\t\n\t\t\t\t\n\t\t\t\t\n\t\t\t<\/div><div class=\"et_d4_element et_pb_row et_pb_row_4  et_pb_css_mix_blend_mode et_block_row\">\n\t\t\t\t<div class=\"et_d4_element et_pb_column_2_3 et_pb_column et_pb_column_6  et_pb_css_mix_blend_mode et_block_column\">\n\t\t\t\t\n\t\t\t\t\n\t\t\t\t\n\t\t\t\t\n\t\t\t\t<div class=\"et_pb_module et_d4_element et_pb_video et_pb_video_0\">\n\t\t\t\t\n\t\t\t\t\n\t\t\t\t\n\t\t\t\t\n\t\t\t\t<div class=\"et_pb_video_box\"><iframe loading=\"lazy\" title=\"Exposition Janvier 2021\" width=\"1080\" height=\"810\" src=\"https:\/\/www.youtube.com\/embed\/o7Osg2pX1Nw?feature=oembed\"  allow=\"accelerometer; autoplay; clipboard-write; encrypted-media; gyroscope; picture-in-picture; web-share\" referrerpolicy=\"strict-origin-when-cross-origin\" allowfullscreen><\/iframe><\/div>\n\t\t\t\t\n\t\t\t<\/div>\n\t\t\t<\/div><div class=\"et_d4_element et_pb_column_1_3 et_pb_column et_pb_column_7  et_pb_css_mix_blend_mode et-last-child et_block_column et_pb_column_empty\">\n\t\t\t\t\n\t\t\t\t\n\t\t\t\t\n\t\t\t\t\n\t\t\t\t\n\t\t\t<\/div>\n\t\t\t\t\n\t\t\t\t\n\t\t\t\t\n\t\t\t\t\n\t\t\t<\/div>\n\t\t\t\t\n\t\t\t\t\n\t\t\t<\/div><\/p>\n","protected":false},"excerpt":{"rendered":"","protected":false},"author":1,"featured_media":6921,"comment_status":"closed","ping_status":"open","sticky":false,"template":"","format":"standard","meta":{"om_disable_all_campaigns":false,"_monsterinsights_skip_tracking":false,"_monsterinsights_sitenote_active":false,"_monsterinsights_sitenote_note":"","_monsterinsights_sitenote_category":0,"_et_pb_use_builder":"on","_et_pb_old_content":"","_et_gb_content_width":"","footnotes":""},"categories":[167],"tags":[],"class_list":["post-6063","post","type-post","status-publish","format-standard","has-post-thumbnail","hentry","category-pictori"],"aioseo_notices":[],"_links":{"self":[{"href":"https:\/\/www.europanova.be\/ro\/wp-json\/wp\/v2\/posts\/6063","targetHints":{"allow":["GET"]}}],"collection":[{"href":"https:\/\/www.europanova.be\/ro\/wp-json\/wp\/v2\/posts"}],"about":[{"href":"https:\/\/www.europanova.be\/ro\/wp-json\/wp\/v2\/types\/post"}],"author":[{"embeddable":true,"href":"https:\/\/www.europanova.be\/ro\/wp-json\/wp\/v2\/users\/1"}],"replies":[{"embeddable":true,"href":"https:\/\/www.europanova.be\/ro\/wp-json\/wp\/v2\/comments?post=6063"}],"version-history":[{"count":4,"href":"https:\/\/www.europanova.be\/ro\/wp-json\/wp\/v2\/posts\/6063\/revisions"}],"predecessor-version":[{"id":6783,"href":"https:\/\/www.europanova.be\/ro\/wp-json\/wp\/v2\/posts\/6063\/revisions\/6783"}],"wp:featuredmedia":[{"embeddable":true,"href":"https:\/\/www.europanova.be\/ro\/wp-json\/wp\/v2\/media\/6921"}],"wp:attachment":[{"href":"https:\/\/www.europanova.be\/ro\/wp-json\/wp\/v2\/media?parent=6063"}],"wp:term":[{"taxonomy":"category","embeddable":true,"href":"https:\/\/www.europanova.be\/ro\/wp-json\/wp\/v2\/categories?post=6063"},{"taxonomy":"post_tag","embeddable":true,"href":"https:\/\/www.europanova.be\/ro\/wp-json\/wp\/v2\/tags?post=6063"}],"curies":[{"name":"wp","href":"https:\/\/api.w.org\/{rel}","templated":true}]}}